{"id":98900,"date":"2013-11-07T15:04:37","date_gmt":"2013-11-07T15:04:37","guid":{"rendered":"http:\/\/diariodominicano.ddns.net\/?p=98900"},"modified":"2013-11-07T15:04:37","modified_gmt":"2013-11-07T15:04:37","slug":"cei-rd-y-the-business-year-firman-acuerdo-de-asociacion","status":"publish","type":"post","link":"https:\/\/diariodominicano.com\/?p=98900","title":{"rendered":"CEI-RD y The Business Year firman acuerdo de asociaci\u00f3n"},"content":{"rendered":"<p><body><\/p>\n<p><img decoding=\"async\" src=\"img3\/CEI 7.jpg\" \/>  <\/p>\n<p>Santo Domingo RD 7 noviembre.-  La empresa l\u00edder internacional de negocios y consultor\u00eda The Business Year (TBY), firm\u00f3 un acuerdo de asociaci\u00f3n con el Centro de Exportaci\u00f3n e Inversi\u00f3n de la Rep\u00fablica Dominicana (CEI-RD), para la elaboraci\u00f3n de su segunda edici\u00f3n en la Rep\u00fablica Dominicana, con el objetivo de presentar las visiones y perspectivas de m\u00e1s de 100 l\u00edderes pol\u00edticos y principales actores del mundo empresarial as\u00ed como las ideas que est\u00e1n transformando a la Rep\u00fablica Dominicana en el centro de negocios en la regi\u00f3n.<\/p>\n<\/p>\n<p>El Acuerdo de Colaboraci\u00f3n fue firmado por el Director Ejecutivo del CEI-RD, Jean Alain Rodr\u00edguez y la Directora Regional de TBY, Peggy Rosiak.<\/p>\n<\/p>\n<p>La edici\u00f3n 2013, que es el informe m\u00e1s completo en ingl\u00e9s sobre la econom\u00eda Dominicana hasta el momento, es el resultado de la colaboraci\u00f3n entre TBY y CEI-RD funcionando como importante herramienta para los inversionistas que desean conocer el clima de inversi\u00f3n en el pa\u00eds y contar con informaci\u00f3n real sobre el marco legal y fiscal vigente.<\/p>\n<\/p>\n<p>El Director Ejecutivo del CEI-RD, Jean Alain Rodr\u00edguez, expres\u00f3 que a trav\u00e9s de la edici\u00f3n 2013 de TBY los lectores diseminados por todo el mundo podr\u00e1n ampliar informaciones de negocios sobre la Rep\u00fablica Dominicana al tiempo que manifest\u00f3 el respaldo para la elaboraci\u00f3n de la edici\u00f3n 2014 a trav\u00e9s del acuerdo de asociaci\u00f3n firmado: \u00abLa versi\u00f3n 2014 enfocada en Rep\u00fablica Dominicana recoger\u00e1 trascendentales aspectos de desarrollo del pa\u00eds como es la transformaci\u00f3n de nuestro pa\u00eds en el Hub del Caribe, adem\u00e1s de sus principales atractivos y oportunidades para la inversi\u00f3n extranjera\u00bb.<\/p>\n<\/p>\n<p>De su lado, Peggy Rosiak destac\u00f3 que la visi\u00f3n de TBY en la Rep\u00fablica Dominicana fue muy positiva: \u00abEn la edici\u00f3n de 2013 hemos cubierto en la publicaci\u00f3n todos los sectores relevantes de la econom\u00eda, poniendo de relieve el papel de la inversi\u00f3n p\u00fablica impulsando un s\u00f3lido crecimiento econ\u00f3mico y las oportunidades de inversi\u00f3n extranjera en el pa\u00eds\u00bb dijo. A\u00f1adi\u00f3 que en la edici\u00f3n de 2014 TBY trabaja con el CEI-RD para presentar a la Rep\u00fablica Dominicana como el Hub del Caribe, conforme proyecto en curso, enfatizando adem\u00e1s dos de los ejes fundamentales de la pol\u00edtica del Presidente Medina como son la educaci\u00f3n y la agricultura.<\/p>\n<\/p>\n<p>Adem\u00e1s, el editor de la edici\u00f3n dominicana, Pablo L\u00f3pez, enfatiz\u00f3 la amplia difusi\u00f3n de la publicaci\u00f3n: \u00abThe Business Year es una publicaci\u00f3n independiente que se edita en nuestras oficinas de Estambul y Londres, y que se distribuye en todo el mundo a trav\u00e9s de la subscripci\u00f3n a la misma y conferencias que patrocinamos alrededor del mundo, como el G20 en los cabos o el finacial summit en Estambul, entre otras muchas\u00bb, dijo.<\/p>\n<\/p>\n<p>TBY llega a todos los inversionistas internacionales y l\u00edderes globales, adem\u00e1s de circular ampliamente en todo el pa\u00eds. La primera edici\u00f3n de  la publicaci\u00f3n, correspondiente a este a\u00f1o 2013, ya est\u00e1 circulando desde hace aproximadamente un mes en el pa\u00eds.<\/p>\n<\/p>\n<\/p>\n<p>CEI-RD<\/p>\n<\/p>\n<p>El Centro de Exportaci\u00f3n e Inversi\u00f3n de la Rep\u00fablica Dominica tiene como misi\u00f3n la promoci\u00f3n y fomento de las exportaciones dominicanas y las inversiones, a fin de impulsar la inserci\u00f3n competitiva del pa\u00eds en los mercados internacionales de bienes y servicios. Su visi\u00f3n es ser una instituci\u00f3n de clase mundial en la oferta de servicios de promoci\u00f3n y fomento de las exportaciones e inversiones, apoyando la contribuci\u00f3n de estas actividades a la generaci\u00f3n de empleos dignos para beneficio de la sociedad dominicana y la competitividad del pa\u00eds.<\/p>\n<\/p>\n<p>THE BUSINESS YEAR<\/p>\n<\/p>\n<p>The Business Year (TBY) es una publicaci\u00f3n internacional dedicada a la investigaci\u00f3n de mercados y a servicios de consultor\u00eda. Produce herramientas de informaci\u00f3n de negocios sobre las econom\u00edas de todo el mundo. A trav\u00e9s de su gama de productos impresos y online, TBY ofrece un an\u00e1lisis completo y preciso de la evoluci\u00f3n macroecon\u00f3mica y sectorial, incluyendo finanzas, energ\u00eda, construcci\u00f3n, industria, salud, educaci\u00f3n, agricultura, telecomunicaciones y turismo.<\/p>\n<\/p>\n<p>La publicaci\u00f3n est\u00e1 disponible en la p\u00e1gina web de TBY: http:\/\/www.thebusinessyear.com<\/p>\n<\/p>\n<h6> 2013-11-07 15:04:37 <\/h6>\n<p><!--\n<link rel=\"stylesheet\" href=\"css\/bootstrap.min.css\">\n\n\n<ul class=\"pagination\">\n\t    \n\t\n\n<li >\n\t<a href='?page_no=14410'>Previous<\/a>\n\t<\/li>\n\n\n       \n    \n\n<li><a href='?page_no=1'>1<\/a><\/li>\n\n\n\n<li><a href='?page_no=2'>2<\/a><\/li>\n\n\n\n<li><a>...<\/a><\/li>\n\n\n\n<li><a href='?page_no=14409'>14409<\/a><\/li>\n\n\n\n<li><a href='?page_no=14410'>14410<\/a><\/li>\n\n\n\n<li class='active'><a>14411<\/a><\/li>\n\n\n\n<li><a href='?page_no=14412'>14412<\/a><\/li>\n\n\n\n<li><a href='?page_no=14413'>14413<\/a><\/li>\n\n\n\n<li><a>...<\/a><\/li>\n\n\n\n<li><a href='?page_no=30472'>30472<\/a><\/li>\n\n\n\n<li><a href='?page_no=30473'>30473<\/a><\/li>\n\n    \n\t\n\n<li >\n\t<a href='?page_no=14412'>Next<\/a>\n\t<\/li>\n\n\n    \n\n<li><a href='?page_no=30473'>Last &rsaquo;&rsaquo;<\/a><\/li>\n\n<\/ul>\n\n\n--><br \/>\n<\/body><\/p>\n","protected":false},"excerpt":{"rendered":"<p>Santo Domingo RD 7 noviembre.- La empresa l\u00edder internacional de negocios y consultor\u00eda The Business Year (TBY), firm\u00f3 un acuerdo de asociaci\u00f3n con el Centro de Exportaci\u00f3n e Inversi\u00f3n de la Rep\u00fablica Dominicana (CEI-RD), para la elaboraci\u00f3n de su segunda edici\u00f3n en la Rep\u00fablica Dominicana, con el objetivo de presentar las visiones y perspectivas de [&hellip;]<\/p>\n","protected":false},"author":3,"featured_media":0,"comment_status":"open","ping_status":"open","sticky":false,"template":"","format":"standard","meta":{"footnotes":""},"categories":[18],"tags":[],"class_list":["post-98900","post","type-post","status-publish","format-standard","hentry","category-economia"],"_links":{"self":[{"href":"https:\/\/diariodominicano.com\/index.php?rest_route=\/wp\/v2\/posts\/98900","targetHints":{"allow":["GET"]}}],"collection":[{"href":"https:\/\/diariodominicano.com\/index.php?rest_route=\/wp\/v2\/posts"}],"about":[{"href":"https:\/\/diariodominicano.com\/index.php?rest_route=\/wp\/v2\/types\/post"}],"author":[{"embeddable":true,"href":"https:\/\/diariodominicano.com\/index.php?rest_route=\/wp\/v2\/users\/3"}],"replies":[{"embeddable":true,"href":"https:\/\/diariodominicano.com\/index.php?rest_route=%2Fwp%2Fv2%2Fcomments&post=98900"}],"version-history":[{"count":0,"href":"https:\/\/diariodominicano.com\/index.php?rest_route=\/wp\/v2\/posts\/98900\/revisions"}],"wp:attachment":[{"href":"https:\/\/diariodominicano.com\/index.php?rest_route=%2Fwp%2Fv2%2Fmedia&parent=98900"}],"wp:term":[{"taxonomy":"category","embeddable":true,"href":"https:\/\/diariodominicano.com\/index.php?rest_route=%2Fwp%2Fv2%2Fcategories&post=98900"},{"taxonomy":"post_tag","embeddable":true,"href":"https:\/\/diariodominicano.com\/index.php?rest_route=%2Fwp%2Fv2%2Ftags&post=98900"}],"curies":[{"name":"wp","href":"https:\/\/api.w.org\/{rel}","templated":true}]}}