{"id":98899,"date":"2013-11-07T18:48:17","date_gmt":"2013-11-07T18:48:17","guid":{"rendered":"http:\/\/diariodominicano.ddns.net\/?p=98899"},"modified":"2013-11-07T18:48:17","modified_gmt":"2013-11-07T18:48:17","slug":"agricultura-anuncia-inclusion-de-los-productores-de-cacao-en-el-seguro-agropecuario-para-el-2014","status":"publish","type":"post","link":"https:\/\/diariodominicano.com\/?p=98899","title":{"rendered":"&#13;&#13;Agricultura anuncia inclusi\u00f3n de los productores de Cacao en el Seguro Agropecuario para el 2014"},"content":{"rendered":"<p><body><\/p>\n<\/p>\n<p><span class=\"text1noticias\">Santo Domingo, RD, 7 de noviembre.- El ministro de Agricultura, Luis Ram\u00f3n Rodr\u00edguez,  inform\u00f3 que el Gobierno incluy\u00f3 el sector  cacaotero dentro de los planes  del Seguro Agropecuario  del 2014,  para proteger a m\u00e1s de 38 mil medianos y peque\u00f1os productores.<\/span><\/p>\n<\/p>\n<p><span class=\"text1noticias\">Rodr\u00edguez destac\u00f3  que   la medida  contribuir\u00e1  con el fortalecimiento  de uno de los sectores agr\u00edcola m\u00e1s  democr\u00e1ticos del pa\u00eds, conformado por un 80 por ciento de medianos productores.<\/span><\/p>\n<\/p>\n<p><span class=\"text1noticias\">El funcionario habl\u00f3  de los planes que ejecuta Agricultura, conjuntamente  con el sector privado, para   duplicar las exportaciones  de cacao  en los pr\u00f3ximos diez a\u00f1os.<\/span><\/p>\n<\/p>\n<p><span class=\"text1noticias\">Sostuvo  que este a\u00f1o el pa\u00eds gener\u00f3 m\u00e1s de 160 millones de d\u00f3lares por concepto de las exportaciones, y que la meta del Ministerio de Agricultura es  incrementar la  producci\u00f3n para lograr ventas en el exterior por encima de los 300 millones de d\u00f3lares.<\/span><\/p>\n<\/p>\n<p><span class=\"text1noticias\">Manifest\u00f3 que esto   ser\u00e1 posible gracias al trabajo conjunto de los productores y las autoridades del gobierno, encabezada por el Ministerio de Agricultura, a trav\u00e9s de su Departamento de Cacao.<\/span><\/p>\n<\/p>\n<p><span class=\"text1noticias\">Rodr\u00edguez   explic\u00f3   que dentro de los planes de fomento del cultivo est\u00e1  la siembra de 100 mil tareas de clones de alto valor gen\u00e9tico, lo que permitir\u00e1 la renovaci\u00f3n de las plantaciones viejas por otras de alto rendimiento.<\/span><\/p>\n<\/p>\n<p><span class=\"text1noticias\">El ministro  hizo  el anuncio luego de recibir un Certificado  de Registro del Cacao Domiciano,  durante una  ceremonia realizada en la Asociaci\u00f3n de Industria de la Rep\u00fablica (AIRD).<\/span><\/p>\n<\/p>\n<p><span class=\"text1noticias\">Al   acto asistieron el administrador del Banco Agr\u00edcola, \u00c1ngel  Est\u00e9vez; el director ejecutivo de la  Comisi\u00f3n Nacional de Cacao, Marino Marcelino; el director del Departamento de Cacao, Jos\u00e9 Gonz\u00e1lez.<\/span><\/p>\n<\/p>\n<p><span class=\"text1noticias\">Adem\u00e1s, Jos\u00e9 B\u00e1ez,  director de la Oficina Nacional de Propiedad Industrial (Onapi);  Ligia Bonetti, presienta  de la AIRD;  Andr\u00e9s Van Der   Horst, director ejecutivo  del Consejo Nacional de Competitividad, Ricardo Mun\u00e9, representante  del Cl\u00faster de Cacao y sus Derivados, as\u00ed como otros dirigentes empresariales y productores del sector cacaotero nacional. <\/span><\/p>\n<\/p>\n<p><span class=\"text1noticias\">Al pronunciar   las palabras centrales del acto, Ligia Bonetti destac\u00f3 el gran trabajo que viene realizando el ministro Rodr\u00edguez al frente del Agricultura para el desarrollo del sector agropecuario dominicano.<\/span><\/p>\n<\/p>\n<p><span class=\"text1noticias\">Dijo Bonetti que para la AIRD  es motivo de orgullo  ser parte del proceso de construcci\u00f3n  de un sello de indicaci\u00f3n geogr\u00e1fica para el cacao dominicano, que abre nuevas posibilidades tanto a la producci\u00f3n como a la industria  nacional.   <\/span><\/p>\n<\/p>\n<p><span class=\"text1noticias\">La  producci\u00f3n de cacao  y toda su cadena de valor,  que incluye la industrializaci\u00f3n y exportaci\u00f3n, es una de las actividades  econ\u00f3micas m\u00e1s din\u00e1micas de Rep\u00fablica Dominicana. <\/span><\/p>\n<\/p>\n<h6> 2013-11-07 18:48:17 <\/h6>\n<p><!--\n<link rel=\"stylesheet\" href=\"css\/bootstrap.min.css\">\n\n\n<ul class=\"pagination\">\n\t    \n\t\n\n<li >\n\t<a href='?page_no=14409'>Previous<\/a>\n\t<\/li>\n\n\n       \n    \n\n<li><a href='?page_no=1'>1<\/a><\/li>\n\n\n\n<li><a href='?page_no=2'>2<\/a><\/li>\n\n\n\n<li><a>...<\/a><\/li>\n\n\n\n<li><a href='?page_no=14408'>14408<\/a><\/li>\n\n\n\n<li><a href='?page_no=14409'>14409<\/a><\/li>\n\n\n\n<li class='active'><a>14410<\/a><\/li>\n\n\n\n<li><a href='?page_no=14411'>14411<\/a><\/li>\n\n\n\n<li><a href='?page_no=14412'>14412<\/a><\/li>\n\n\n\n<li><a>...<\/a><\/li>\n\n\n\n<li><a href='?page_no=30472'>30472<\/a><\/li>\n\n\n\n<li><a href='?page_no=30473'>30473<\/a><\/li>\n\n    \n\t\n\n<li >\n\t<a href='?page_no=14411'>Next<\/a>\n\t<\/li>\n\n\n    \n\n<li><a href='?page_no=30473'>Last &rsaquo;&rsaquo;<\/a><\/li>\n\n<\/ul>\n\n\n--><br \/>\n<\/body><\/p>\n","protected":false},"excerpt":{"rendered":"<p>Santo Domingo, RD, 7 de noviembre.- El ministro de Agricultura, Luis Ram\u00f3n Rodr\u00edguez, inform\u00f3 que el Gobierno incluy\u00f3 el sector cacaotero dentro de los planes del Seguro Agropecuario del 2014, para proteger a m\u00e1s de 38 mil medianos y peque\u00f1os productores. Rodr\u00edguez destac\u00f3 que la medida contribuir\u00e1 con el fortalecimiento de uno de los sectores [&hellip;]<\/p>\n","protected":false},"author":3,"featured_media":0,"comment_status":"open","ping_status":"open","sticky":false,"template":"","format":"standard","meta":{"footnotes":""},"categories":[18],"tags":[],"class_list":["post-98899","post","type-post","status-publish","format-standard","hentry","category-economia"],"_links":{"self":[{"href":"https:\/\/diariodominicano.com\/index.php?rest_route=\/wp\/v2\/posts\/98899","targetHints":{"allow":["GET"]}}],"collection":[{"href":"https:\/\/diariodominicano.com\/index.php?rest_route=\/wp\/v2\/posts"}],"about":[{"href":"https:\/\/diariodominicano.com\/index.php?rest_route=\/wp\/v2\/types\/post"}],"author":[{"embeddable":true,"href":"https:\/\/diariodominicano.com\/index.php?rest_route=\/wp\/v2\/users\/3"}],"replies":[{"embeddable":true,"href":"https:\/\/diariodominicano.com\/index.php?rest_route=%2Fwp%2Fv2%2Fcomments&post=98899"}],"version-history":[{"count":0,"href":"https:\/\/diariodominicano.com\/index.php?rest_route=\/wp\/v2\/posts\/98899\/revisions"}],"wp:attachment":[{"href":"https:\/\/diariodominicano.com\/index.php?rest_route=%2Fwp%2Fv2%2Fmedia&parent=98899"}],"wp:term":[{"taxonomy":"category","embeddable":true,"href":"https:\/\/diariodominicano.com\/index.php?rest_route=%2Fwp%2Fv2%2Fcategories&post=98899"},{"taxonomy":"post_tag","embeddable":true,"href":"https:\/\/diariodominicano.com\/index.php?rest_route=%2Fwp%2Fv2%2Ftags&post=98899"}],"curies":[{"name":"wp","href":"https:\/\/api.w.org\/{rel}","templated":true}]}}