{"id":98896,"date":"2013-11-07T19:15:43","date_gmt":"2013-11-07T19:15:43","guid":{"rendered":"http:\/\/diariodominicano.ddns.net\/?p=98896"},"modified":"2013-11-07T19:15:43","modified_gmt":"2013-11-07T19:15:43","slug":"actores-competitividad-analizan-acuerdo-banco-mundial","status":"publish","type":"post","link":"https:\/\/diariodominicano.com\/?p=98896","title":{"rendered":"Actores competitividad analizan acuerdo Banco Mundial&#13;"},"content":{"rendered":"<p><body><\/p>\n<p><img decoding=\"async\" src=\"img3\/mundial.jpg\" \/>  <\/p>\n<p><span class=\"text1noticias\">Santo Domingo, RD, 7 de Noviembre.-El Ministerio de Econom\u00eda, Planificaci\u00f3n y Desarrollo explic\u00f3 este mi\u00e9rcoles a actores del sector p\u00fablico y privado el alcance del acuerdo de asistencia t\u00e9cnica con el Banco Mundial dirigido a ayudar al gobierno a la actualizaci\u00f3n del Memor\u00e1ndum de Competitividad de reformas 2009.<\/span><\/p>\n<\/p>\n<p><span class=\"text1noticias\">\tEl viceministro de Competitividad, Juan Reyes, inform\u00f3 a trav\u00e9s de la Unidad de Comunicaciones del Ministerio, que en este primer encuentro se analizaron los factores que impactan de manera m\u00e1s negativa la competitividad y, en efecto, el indicador de clima de negocios del pa\u00eds. <\/span><\/p>\n<\/p>\n<p><span class=\"text1noticias\">El acuerdo, por US$270 mil, fue suscrito el 21 de octubre \u00faltimo en el Palacio Nacional por el ministro Tem\u00edstocles Mont\u00e1s y por la directora del BM para el Caribe, Sophie Sirtaine, acompa\u00f1ada del representante local, McDonald Benjam\u00edn.<\/span><\/p>\n<\/p>\n<p><span class=\"text1noticias\">En la reuni\u00f3n participaron por el sector privado V\u00edctor Castro, presidente de la Asociaci\u00f3n de Empresas Industriales de Herrera y la Provincia Santo Domingo; William Malamud, vicepresidente ejecutivo de la C\u00e1mara Americana de Comercio, y Romero Ramalakhan, gerente de Investigaci\u00f3n y Desarrollo del CONEP; Mar\u00eda Cristina Terrero y Rafael Sornet, asistentes de Investigaci\u00f3n del CREES. <\/span><\/p>\n<\/p>\n<p><span class=\"text1noticias\">El convenio consigna adem\u00e1s la elaboraci\u00f3n de un plan de acci\u00f3n y la implementaci\u00f3n de reformas regulatorias en 4 de diez \u00e1reas priorizadas por las autoridades para mejorar el clima de negocios y la competitividad del pa\u00eds a nivel mundial.<\/span><\/p>\n<\/p>\n<p><span class=\"text1noticias\">\tPor el Banco Mundial Andrea Gallina, especialista en Desarrollo Social; Diana de Le\u00f3n, Karim Ouled y Alejandro Espinosa.<\/span><\/p>\n<\/p>\n<p><span class=\"text1noticias\">Reyes dijo que tambi\u00e9n se presentaron las posibles acciones y buenas pr\u00e1cticas requeridas para mejorar, como tambi\u00e9n la necesidad vital de trabajo en equipo de todos los sectores. <\/span><\/p>\n<\/p>\n<p><span class=\"text1noticias\">Por el sector p\u00fablico participaron adem\u00e1s de Reyes, Ignacio M\u00e9ndez, viceministro de Pymes del Ministerio de Industria y Comercio y Vinicio Mella, viceministro de Desarrollo Industrial de Industria y Comercio; Alexandra Izquierdo, directora ejecutiva de Proindustria; Laura del Castillo, directora en funciones del Consejo Nacional de Competitividad, y Ernesto Vilalta, consejero sectorial de la Presidencia.<\/span><\/p>\n<\/p>\n<p><span class=\"text1noticias\">Tambi\u00e9n concurrieron, por el CEI-RD, Maricell Silvestre, gerente de Pol\u00edticas Comerciales y de Inversi\u00f3n, y Yessica Hern\u00e1ndez,  especialista en Investigaci\u00f3n de Mercado.<\/span><\/p>\n<p><span class=\"text1noticias\">La Rep\u00fablica Dominicana se ubica en el Doing Business 2014 en la posici\u00f3n 117 de 189, al desplazarse una posici\u00f3n con respecto al 2013, cuando ocup\u00f3 la posici\u00f3n 116 de 185 pa\u00edses evaluados. <\/span><\/p>\n<\/p>\n<p><span class=\"text1noticias\">El Doing Business se basa en el an\u00e1lisis de 11 indicadores y 36 variables que analizan las leyes, los tr\u00e1mites burocr\u00e1ticos y los costos administrativos asociados. <\/span><\/p>\n<\/p>\n<p><span class=\"text1noticias\">En los 11 indicadores el pa\u00eds se sit\u00faa para 2014, entre 189 pa\u00edses, en el lugar 144 en apertura de empresas, en el 121 en permisos de construcci\u00f3n, en el 127 en obtenci\u00f3n de electricidad y en el 115 en registro de propiedades.<\/span><\/p>\n<\/p>\n<p><span class=\"text1noticias\">En el 86 en acceso al cr\u00e9dito, en el 98 en protecci\u00f3n a inversionistas, en el 106 en pago de impuestos, en el 33 en comercio transfronterizo, en el 81 en cumplimiento de contratos, y en el 159 en cierre de una empresa.(HG)<\/span>.<\/p>\n<\/p>\n<h6> 2013-11-07 19:15:43 <\/h6>\n<p><!--\n<link rel=\"stylesheet\" href=\"css\/bootstrap.min.css\">\n\n\n<ul class=\"pagination\">\n\t    \n\t\n\n<li >\n\t<a href='?page_no=14407'>Previous<\/a>\n\t<\/li>\n\n\n       \n    \n\n<li><a href='?page_no=1'>1<\/a><\/li>\n\n\n\n<li><a href='?page_no=2'>2<\/a><\/li>\n\n\n\n<li><a>...<\/a><\/li>\n\n\n\n<li><a href='?page_no=14406'>14406<\/a><\/li>\n\n\n\n<li><a href='?page_no=14407'>14407<\/a><\/li>\n\n\n\n<li class='active'><a>14408<\/a><\/li>\n\n\n\n<li><a href='?page_no=14409'>14409<\/a><\/li>\n\n\n\n<li><a href='?page_no=14410'>14410<\/a><\/li>\n\n\n\n<li><a>...<\/a><\/li>\n\n\n\n<li><a href='?page_no=30472'>30472<\/a><\/li>\n\n\n\n<li><a href='?page_no=30473'>30473<\/a><\/li>\n\n    \n\t\n\n<li >\n\t<a href='?page_no=14409'>Next<\/a>\n\t<\/li>\n\n\n    \n\n<li><a href='?page_no=30473'>Last &rsaquo;&rsaquo;<\/a><\/li>\n\n<\/ul>\n\n\n--><br \/>\n<\/body><\/p>\n","protected":false},"excerpt":{"rendered":"<p>Santo Domingo, RD, 7 de Noviembre.-El Ministerio de Econom\u00eda, Planificaci\u00f3n y Desarrollo explic\u00f3 este mi\u00e9rcoles a actores del sector p\u00fablico y privado el alcance del acuerdo de asistencia t\u00e9cnica con el Banco Mundial dirigido a ayudar al gobierno a la actualizaci\u00f3n del Memor\u00e1ndum de Competitividad de reformas 2009. El viceministro de Competitividad, Juan Reyes, inform\u00f3 [&hellip;]<\/p>\n","protected":false},"author":3,"featured_media":0,"comment_status":"open","ping_status":"open","sticky":false,"template":"","format":"standard","meta":{"footnotes":""},"categories":[18],"tags":[],"class_list":["post-98896","post","type-post","status-publish","format-standard","hentry","category-economia"],"_links":{"self":[{"href":"https:\/\/diariodominicano.com\/index.php?rest_route=\/wp\/v2\/posts\/98896","targetHints":{"allow":["GET"]}}],"collection":[{"href":"https:\/\/diariodominicano.com\/index.php?rest_route=\/wp\/v2\/posts"}],"about":[{"href":"https:\/\/diariodominicano.com\/index.php?rest_route=\/wp\/v2\/types\/post"}],"author":[{"embeddable":true,"href":"https:\/\/diariodominicano.com\/index.php?rest_route=\/wp\/v2\/users\/3"}],"replies":[{"embeddable":true,"href":"https:\/\/diariodominicano.com\/index.php?rest_route=%2Fwp%2Fv2%2Fcomments&post=98896"}],"version-history":[{"count":0,"href":"https:\/\/diariodominicano.com\/index.php?rest_route=\/wp\/v2\/posts\/98896\/revisions"}],"wp:attachment":[{"href":"https:\/\/diariodominicano.com\/index.php?rest_route=%2Fwp%2Fv2%2Fmedia&parent=98896"}],"wp:term":[{"taxonomy":"category","embeddable":true,"href":"https:\/\/diariodominicano.com\/index.php?rest_route=%2Fwp%2Fv2%2Fcategories&post=98896"},{"taxonomy":"post_tag","embeddable":true,"href":"https:\/\/diariodominicano.com\/index.php?rest_route=%2Fwp%2Fv2%2Ftags&post=98896"}],"curies":[{"name":"wp","href":"https:\/\/api.w.org\/{rel}","templated":true}]}}