{"id":98895,"date":"2013-11-07T19:18:44","date_gmt":"2013-11-07T19:18:44","guid":{"rendered":"http:\/\/diariodominicano.ddns.net\/?p=98895"},"modified":"2013-11-07T19:18:44","modified_gmt":"2013-11-07T19:18:44","slug":"gobierno-dominicano-pretende-reducir-deficit-del-sector-electrico","status":"publish","type":"post","link":"https:\/\/diariodominicano.com\/?p=98895","title":{"rendered":"Gobierno dominicano pretende reducir d\u00e9ficit del sector el\u00e9ctrico"},"content":{"rendered":"<p><body><\/p>\n<p><span class=\"text1noticias\">Santo Domingo, RD, 7 nov (PL) El Gobierno dominicano tiene entre sus prioridades reducir el d\u00e9ficit del sector el\u00e9ctrico, cuyo estimado para 2013 ronda los mil 200 millones de d\u00f3lares, seg\u00fan fuentes oficiales.<\/span><\/p>\n<\/p>\n<p><span class=\"text1noticias\">Para el ministro de Econom\u00eda, Planificaci\u00f3n y Desarrollo, Tem\u00edstocles Mont\u00e1s, ese subsidio representa la parte m\u00e1s preocupante de las finanzas p\u00fablicas.<\/span><\/p>\n<\/p>\n<p><span class=\"text1noticias\">A este sector se le transfieren montos superiores a los que recibe el de salud, precis\u00f3 el titular, citado por reportes period\u00edsticos.<\/span><\/p>\n<\/p>\n<p><span class=\"text1noticias\">En la medida en que ocurra el abaratamiento del costo de la energ\u00eda se reducir\u00e1 el subsidio, pero eso toma tiempo, no se lograr\u00e1 ni hoy ni ma\u00f1ana, coment\u00f3.<\/span><\/p>\n<\/p>\n<p><span class=\"text1noticias\">La Corporaci\u00f3n Dominicana de Empresas El\u00e9ctricas Estatales (Cdeee) pag\u00f3 en 2013 hasta el cierre de septiembre pasado mil 500 millones 900 mil d\u00f3lares a las compa\u00f1\u00edas privadas generadoras de tal energ\u00eda.<\/span><\/p>\n<\/p>\n<p><span class=\"text1noticias\">Con ese paso, inform\u00f3 la entidad, la deuda asciende a 568 millones 260 mil d\u00f3lares, una de las cantidades m\u00e1s bajas de los \u00faltimos tiempos.<\/span><\/p>\n<\/p>\n<p><span class=\"text1noticias\">Sin embargo, la Asociaci\u00f3n Dominicana de la Industria El\u00e9ctrica advirti\u00f3 antes que el monto pendiente llega a 776 millones 830 mil d\u00f3lares.<\/span><\/p>\n<\/p>\n<p><span class=\"text1noticias\">El problema, correspondiente en promedio a cuatro meses de retraso en los pagos, resulta muy preocupante pues las generadoras carecen de posibilidades para operar de manera eficiente, expuso.<\/span><\/p>\n<\/p>\n<p><span class=\"text1noticias\">Pese a los esfuerzos gubernamentales, el sector el\u00e9ctrico presenta tradicionales deficiencias en este pa\u00eds caribe\u00f1o donde son comunes los apagones.<\/span><\/p>\n<\/p>\n<p><span class=\"text1noticias\">A juicio de Rub\u00e9n Jim\u00e9nez, vicepresidente ejecutivo de la Cdeee, en la soluci\u00f3n deben participar de manera combinada los sectores p\u00fablico y privado, sea con proyectos individuales o conjuntos.<\/span><\/p>\n<\/p>\n<p><span class=\"text1noticias\">El presidente dominicano, Danilo Medina, reconoci\u00f3 al rendir cuentas de su gesti\u00f3n el pasado 27 de febrero que el sector el\u00e9ctrico arrastra un d\u00e9ficit insostenible de m\u00e1s de 100 millones de d\u00f3lares mensuales.<\/span><\/p>\n<\/p>\n<p><span class=\"text1noticias\">Desde la crisis de precios del petr\u00f3leo de 2008, el Gobierno transfiri\u00f3 por concepto de subsidio a esta \u00e1rea un monto promedio anual superior a los mil millones de d\u00f3lares, puntualiz\u00f3.(HG)<\/span>.<\/p>\n<h6> 2013-11-07 19:18:44 <\/h6>\n<p><!--\n<link rel=\"stylesheet\" href=\"css\/bootstrap.min.css\">\n\n\n<ul class=\"pagination\">\n\t    \n\t\n\n<li >\n\t<a href='?page_no=14406'>Previous<\/a>\n\t<\/li>\n\n\n       \n    \n\n<li><a href='?page_no=1'>1<\/a><\/li>\n\n\n\n<li><a href='?page_no=2'>2<\/a><\/li>\n\n\n\n<li><a>...<\/a><\/li>\n\n\n\n<li><a href='?page_no=14405'>14405<\/a><\/li>\n\n\n\n<li><a href='?page_no=14406'>14406<\/a><\/li>\n\n\n\n<li class='active'><a>14407<\/a><\/li>\n\n\n\n<li><a href='?page_no=14408'>14408<\/a><\/li>\n\n\n\n<li><a href='?page_no=14409'>14409<\/a><\/li>\n\n\n\n<li><a>...<\/a><\/li>\n\n\n\n<li><a href='?page_no=30472'>30472<\/a><\/li>\n\n\n\n<li><a href='?page_no=30473'>30473<\/a><\/li>\n\n    \n\t\n\n<li >\n\t<a href='?page_no=14408'>Next<\/a>\n\t<\/li>\n\n\n    \n\n<li><a href='?page_no=30473'>Last &rsaquo;&rsaquo;<\/a><\/li>\n\n<\/ul>\n\n\n--><br \/>\n<\/body><\/p>\n","protected":false},"excerpt":{"rendered":"<p>Santo Domingo, RD, 7 nov (PL) El Gobierno dominicano tiene entre sus prioridades reducir el d\u00e9ficit del sector el\u00e9ctrico, cuyo estimado para 2013 ronda los mil 200 millones de d\u00f3lares, seg\u00fan fuentes oficiales. Para el ministro de Econom\u00eda, Planificaci\u00f3n y Desarrollo, Tem\u00edstocles Mont\u00e1s, ese subsidio representa la parte m\u00e1s preocupante de las finanzas p\u00fablicas. A [&hellip;]<\/p>\n","protected":false},"author":3,"featured_media":0,"comment_status":"open","ping_status":"open","sticky":false,"template":"","format":"standard","meta":{"footnotes":""},"categories":[18],"tags":[],"class_list":["post-98895","post","type-post","status-publish","format-standard","hentry","category-economia"],"_links":{"self":[{"href":"https:\/\/diariodominicano.com\/index.php?rest_route=\/wp\/v2\/posts\/98895","targetHints":{"allow":["GET"]}}],"collection":[{"href":"https:\/\/diariodominicano.com\/index.php?rest_route=\/wp\/v2\/posts"}],"about":[{"href":"https:\/\/diariodominicano.com\/index.php?rest_route=\/wp\/v2\/types\/post"}],"author":[{"embeddable":true,"href":"https:\/\/diariodominicano.com\/index.php?rest_route=\/wp\/v2\/users\/3"}],"replies":[{"embeddable":true,"href":"https:\/\/diariodominicano.com\/index.php?rest_route=%2Fwp%2Fv2%2Fcomments&post=98895"}],"version-history":[{"count":0,"href":"https:\/\/diariodominicano.com\/index.php?rest_route=\/wp\/v2\/posts\/98895\/revisions"}],"wp:attachment":[{"href":"https:\/\/diariodominicano.com\/index.php?rest_route=%2Fwp%2Fv2%2Fmedia&parent=98895"}],"wp:term":[{"taxonomy":"category","embeddable":true,"href":"https:\/\/diariodominicano.com\/index.php?rest_route=%2Fwp%2Fv2%2Fcategories&post=98895"},{"taxonomy":"post_tag","embeddable":true,"href":"https:\/\/diariodominicano.com\/index.php?rest_route=%2Fwp%2Fv2%2Ftags&post=98895"}],"curies":[{"name":"wp","href":"https:\/\/api.w.org\/{rel}","templated":true}]}}