{"id":98894,"date":"2013-11-07T19:20:28","date_gmt":"2013-11-07T19:20:28","guid":{"rendered":"http:\/\/diariodominicano.ddns.net\/?p=98894"},"modified":"2013-11-07T19:20:28","modified_gmt":"2013-11-07T19:20:28","slug":"deuda-publica-dominicana-sobrepasa-los-21-mil-millones-de-dolares","status":"publish","type":"post","link":"https:\/\/diariodominicano.com\/?p=98894","title":{"rendered":"&#13;Deuda p\u00fablica dominicana sobrepasa los 21 mil millones de d\u00f3lares"},"content":{"rendered":"<p><body><\/p>\n<p><span class=\"text1noticias\">Santo Domingo, RD, 7 nov (PL) La deuda del sector p\u00fablico no financiero de Rep\u00fablica Dominicana correspondiente al tercer trimestre del presente a\u00f1o se situ\u00f3 en 21 mil 895 millones 400 mil d\u00f3lares, seg\u00fan datos oficiales divulgados.<\/span><\/p>\n<\/p>\n<p><span class=\"text1noticias\">Ese monto representa el 36,3 por ciento del Producto Interno Bruto, precis\u00f3 la Direcci\u00f3n de Cr\u00e9dito P\u00fablico.<\/span><\/p>\n<\/p>\n<p><span class=\"text1noticias\">Agreg\u00f3 que el 63,3 por ciento del total de la deuda de julio a septiembre es de tipo externo con un saldo de 13 mil 864 millones 900 mil d\u00f3lares.<\/span><\/p>\n<\/p>\n<p><span class=\"text1noticias\">Tal cantidad refleja una disminuci\u00f3n con respecto a la etapa precedente cuando junio cerr\u00f3 en 13 mil 998 millones 100 mil d\u00f3lares.<\/span><\/p>\n<\/p>\n<p><span class=\"text1noticias\">En este comportamiento incidieron los flujos netos negativos por 179 millones 400 mil d\u00f3lares y una variaci\u00f3n cambiaria positiva de 46 millones 200 mil d\u00f3lares debido a la depreciaci\u00f3n del billete estadounidense frente a otras monedas extranjeras.(HG)<\/span>.<\/p>\n<h6> 2013-11-07 19:20:28 <\/h6>\n<p><!--\n<link rel=\"stylesheet\" href=\"css\/bootstrap.min.css\">\n\n\n<ul class=\"pagination\">\n\t    \n\t\n\n<li >\n\t<a href='?page_no=14405'>Previous<\/a>\n\t<\/li>\n\n\n       \n    \n\n<li><a href='?page_no=1'>1<\/a><\/li>\n\n\n\n<li><a href='?page_no=2'>2<\/a><\/li>\n\n\n\n<li><a>...<\/a><\/li>\n\n\n\n<li><a href='?page_no=14404'>14404<\/a><\/li>\n\n\n\n<li><a href='?page_no=14405'>14405<\/a><\/li>\n\n\n\n<li class='active'><a>14406<\/a><\/li>\n\n\n\n<li><a href='?page_no=14407'>14407<\/a><\/li>\n\n\n\n<li><a href='?page_no=14408'>14408<\/a><\/li>\n\n\n\n<li><a>...<\/a><\/li>\n\n\n\n<li><a href='?page_no=30472'>30472<\/a><\/li>\n\n\n\n<li><a href='?page_no=30473'>30473<\/a><\/li>\n\n    \n\t\n\n<li >\n\t<a href='?page_no=14407'>Next<\/a>\n\t<\/li>\n\n\n    \n\n<li><a href='?page_no=30473'>Last &rsaquo;&rsaquo;<\/a><\/li>\n\n<\/ul>\n\n\n--><br \/>\n<\/body><\/p>\n","protected":false},"excerpt":{"rendered":"<p>Santo Domingo, RD, 7 nov (PL) La deuda del sector p\u00fablico no financiero de Rep\u00fablica Dominicana correspondiente al tercer trimestre del presente a\u00f1o se situ\u00f3 en 21 mil 895 millones 400 mil d\u00f3lares, seg\u00fan datos oficiales divulgados. Ese monto representa el 36,3 por ciento del Producto Interno Bruto, precis\u00f3 la Direcci\u00f3n de Cr\u00e9dito P\u00fablico. Agreg\u00f3 [&hellip;]<\/p>\n","protected":false},"author":3,"featured_media":0,"comment_status":"open","ping_status":"open","sticky":false,"template":"","format":"standard","meta":{"footnotes":""},"categories":[18],"tags":[],"class_list":["post-98894","post","type-post","status-publish","format-standard","hentry","category-economia"],"_links":{"self":[{"href":"https:\/\/diariodominicano.com\/index.php?rest_route=\/wp\/v2\/posts\/98894","targetHints":{"allow":["GET"]}}],"collection":[{"href":"https:\/\/diariodominicano.com\/index.php?rest_route=\/wp\/v2\/posts"}],"about":[{"href":"https:\/\/diariodominicano.com\/index.php?rest_route=\/wp\/v2\/types\/post"}],"author":[{"embeddable":true,"href":"https:\/\/diariodominicano.com\/index.php?rest_route=\/wp\/v2\/users\/3"}],"replies":[{"embeddable":true,"href":"https:\/\/diariodominicano.com\/index.php?rest_route=%2Fwp%2Fv2%2Fcomments&post=98894"}],"version-history":[{"count":0,"href":"https:\/\/diariodominicano.com\/index.php?rest_route=\/wp\/v2\/posts\/98894\/revisions"}],"wp:attachment":[{"href":"https:\/\/diariodominicano.com\/index.php?rest_route=%2Fwp%2Fv2%2Fmedia&parent=98894"}],"wp:term":[{"taxonomy":"category","embeddable":true,"href":"https:\/\/diariodominicano.com\/index.php?rest_route=%2Fwp%2Fv2%2Fcategories&post=98894"},{"taxonomy":"post_tag","embeddable":true,"href":"https:\/\/diariodominicano.com\/index.php?rest_route=%2Fwp%2Fv2%2Ftags&post=98894"}],"curies":[{"name":"wp","href":"https:\/\/api.w.org\/{rel}","templated":true}]}}