{"id":98893,"date":"2013-11-07T19:33:18","date_gmt":"2013-11-07T19:33:18","guid":{"rendered":"http:\/\/diariodominicano.ddns.net\/?p=98893"},"modified":"2013-11-07T19:33:18","modified_gmt":"2013-11-07T19:33:18","slug":"plantean-promover-jardines-de-corales-como-atractivo-turistico","status":"publish","type":"post","link":"https:\/\/diariodominicano.com\/?p=98893","title":{"rendered":"Plantean promover Jardines de Corales como atractivo tur\u00edstico"},"content":{"rendered":"<p><body><\/p>\n<p><img decoding=\"async\" src=\"img3\/coral.jpg\" \/>  <\/p>\n<p><span class=\"text1noticias\">Santo Domingo, RD, 7 de Noviembre, CICOM.-La restauraci\u00f3n de jardines de corales en diferentes litorales de la Rep\u00fablica Dominicana, ha sido propuesta como un nuevo  atractivo tur\u00edstico por varias entidades ambientales que trabajan en  la restauraci\u00f3n y conservaci\u00f3n de ese recurso marino.<\/span><\/p>\n<\/p>\n<p><span class=\"text1noticias\">La iniciativa es sustentada por La Fundaci\u00f3n Ecol\u00f3gica Puntacana, la Universidad de Miami y Counterpart International, que desde hace nueve a\u00f1os llevan a cabo investigaciones y proyectos implementados con notables avances sobre la restauraci\u00f3n y conservaci\u00f3n de arrecifes de coral en el pa\u00eds.<\/span><\/p>\n<\/p>\n<p><span class=\"text1noticias\">Durante el Taller de Recuperaci\u00f3n y Restauraci\u00f3n de Arrecifes de Coral realizado en las instalaciones del hotel Holiday Inn, se presentaron los resultados de los trabajos que han venido realizando estas instituciones durante 9 a\u00f1os, las implicaciones que tiene para el pa\u00eds la conservaci\u00f3n de esta especie y las futuras acciones que se planean llevar a cabo en el pa\u00eds y en el Caribe para su preservaci\u00f3n.<\/span><\/p>\n<\/p>\n<p><span class=\"text1noticias\">Seg\u00fan el Director Ambiental del Grupo Puntacana, Jake Kheel, en el pa\u00eds el proyecto ha logrado consolidar uno de los viveros m\u00e1s grandes del Caribe, ubicado en Puntacana Resort &amp; Club; tambi\u00e9n se ha documentado \u00abreproducci\u00f3n sexual\u00bb de los corales a trav\u00e9s de trasplante de tejidos producidos en viveros, lo que significa que se han podido trasplantar de un lado a otro; adem\u00e1s de implantar viveros exitosamente y replicar la experiencia en diferentes puntos del pa\u00eds.<\/span><\/p>\n<\/p>\n<p><span class=\"text1noticias\">\u00abLa restauraci\u00f3n y manejo de los arrecifes de corales son fundamentales para la salud de las comunidades costera, no s\u00f3lo en la Rep\u00fablica Dominicana, sino en todo el Caribe y el mundo. Los resultados de la investigaci\u00f3n-acci\u00f3n que presentamos hoy, aportan avances a la capacidad para proteger los ecosistemas; as\u00ed como, los importantes sectores del turismo y la pesca.\u00bb Joan Parker, Presidente y CEO de Counterpart International<\/span><\/p>\n<\/p>\n<p><span class=\"text1noticias\">Diego Lirman, profesor de la Universidad de Miami y l\u00edder cient\u00edfico del proyecto agreg\u00f3: \u00abEste proyecto nos presenta un modelo \u00fanico de integraci\u00f3n del sector privado, acad\u00e9mico, y de organizaciones sin fines de lucro quienes han trabajado arduamente y en conjunto con las comunidades locales para la protecci\u00f3n y restauraci\u00f3n de los arrecifes de coral de la Rep\u00fablica Dominicana. En un corto periodo de 3 a\u00f1os hemos hecho avances significativos en las \u00e1reas de restauraci\u00f3n ecol\u00f3gica de arrecifes utilizando la metodolog\u00eda de jardiner\u00eda de corales y hemos devuelto al medio ambiento mas de 2000 colonias del coral en peligro de extinci\u00f3n cuerno de ciervo. Es nuestro objetivo la expansi\u00f3n de este proyecto a otras \u00e1reas de la RD y la integraci\u00f3n de nuevos socios para comenzar a recobrar las poblaciones de coral y los servicios ecol\u00f3gicos y ecol\u00f3gicos que estas proveen para el beneficio de todos.\u00bb<\/span><\/p>\n<\/p>\n<p><span class=\"text1noticias\">Sobre los desaf\u00edos que enfrentan los arrecifes de coral en la Rep\u00fablica Dominicana, dijo que existen la sobrepesca, la contaminaci\u00f3n, cambios clim\u00e1ticos y la sedimentaci\u00f3n por desarrollo no controlado en las zonas costeras.<\/span><\/p>\n<\/p>\n<p><span class=\"text1noticias\">Las instituciones involucradas en esta iniciativa son Banco Interamericano de Desarrollo (BID), Frohring Fundaci\u00f3n, CEBSE, FUNDEMAR, Reef Check, Asociaci\u00f3n de Desarrollo de Sosua, CODOPESCA, y el Ministerio de Medio Ambiente.(HG)<\/span>.<\/p>\n<\/p>\n<h6> 2013-11-07 19:33:18 <\/h6>\n<p><!--\n<link rel=\"stylesheet\" href=\"css\/bootstrap.min.css\">\n\n\n<ul class=\"pagination\">\n\t    \n\t\n\n<li >\n\t<a href='?page_no=14404'>Previous<\/a>\n\t<\/li>\n\n\n       \n    \n\n<li><a href='?page_no=1'>1<\/a><\/li>\n\n\n\n<li><a href='?page_no=2'>2<\/a><\/li>\n\n\n\n<li><a>...<\/a><\/li>\n\n\n\n<li><a href='?page_no=14403'>14403<\/a><\/li>\n\n\n\n<li><a href='?page_no=14404'>14404<\/a><\/li>\n\n\n\n<li class='active'><a>14405<\/a><\/li>\n\n\n\n<li><a href='?page_no=14406'>14406<\/a><\/li>\n\n\n\n<li><a href='?page_no=14407'>14407<\/a><\/li>\n\n\n\n<li><a>...<\/a><\/li>\n\n\n\n<li><a href='?page_no=30472'>30472<\/a><\/li>\n\n\n\n<li><a href='?page_no=30473'>30473<\/a><\/li>\n\n    \n\t\n\n<li >\n\t<a href='?page_no=14406'>Next<\/a>\n\t<\/li>\n\n\n    \n\n<li><a href='?page_no=30473'>Last &rsaquo;&rsaquo;<\/a><\/li>\n\n<\/ul>\n\n\n--><br \/>\n<\/body><\/p>\n","protected":false},"excerpt":{"rendered":"<p>Santo Domingo, RD, 7 de Noviembre, CICOM.-La restauraci\u00f3n de jardines de corales en diferentes litorales de la Rep\u00fablica Dominicana, ha sido propuesta como un nuevo atractivo tur\u00edstico por varias entidades ambientales que trabajan en la restauraci\u00f3n y conservaci\u00f3n de ese recurso marino. La iniciativa es sustentada por La Fundaci\u00f3n Ecol\u00f3gica Puntacana, la Universidad de Miami [&hellip;]<\/p>\n","protected":false},"author":3,"featured_media":0,"comment_status":"open","ping_status":"open","sticky":false,"template":"","format":"standard","meta":{"footnotes":""},"categories":[18],"tags":[],"class_list":["post-98893","post","type-post","status-publish","format-standard","hentry","category-economia"],"_links":{"self":[{"href":"https:\/\/diariodominicano.com\/index.php?rest_route=\/wp\/v2\/posts\/98893","targetHints":{"allow":["GET"]}}],"collection":[{"href":"https:\/\/diariodominicano.com\/index.php?rest_route=\/wp\/v2\/posts"}],"about":[{"href":"https:\/\/diariodominicano.com\/index.php?rest_route=\/wp\/v2\/types\/post"}],"author":[{"embeddable":true,"href":"https:\/\/diariodominicano.com\/index.php?rest_route=\/wp\/v2\/users\/3"}],"replies":[{"embeddable":true,"href":"https:\/\/diariodominicano.com\/index.php?rest_route=%2Fwp%2Fv2%2Fcomments&post=98893"}],"version-history":[{"count":0,"href":"https:\/\/diariodominicano.com\/index.php?rest_route=\/wp\/v2\/posts\/98893\/revisions"}],"wp:attachment":[{"href":"https:\/\/diariodominicano.com\/index.php?rest_route=%2Fwp%2Fv2%2Fmedia&parent=98893"}],"wp:term":[{"taxonomy":"category","embeddable":true,"href":"https:\/\/diariodominicano.com\/index.php?rest_route=%2Fwp%2Fv2%2Fcategories&post=98893"},{"taxonomy":"post_tag","embeddable":true,"href":"https:\/\/diariodominicano.com\/index.php?rest_route=%2Fwp%2Fv2%2Ftags&post=98893"}],"curies":[{"name":"wp","href":"https:\/\/api.w.org\/{rel}","templated":true}]}}