{"id":98888,"date":"2013-11-08T14:09:39","date_gmt":"2013-11-08T14:09:39","guid":{"rendered":"http:\/\/diariodominicano.ddns.net\/?p=98888"},"modified":"2013-11-08T14:09:39","modified_gmt":"2013-11-08T14:09:39","slug":"bancos-opuestos-a-proyecto-regularia-tarjetas-de-credito","status":"publish","type":"post","link":"https:\/\/diariodominicano.com\/?p=98888","title":{"rendered":"Bancos opuestos a proyecto regular\u00eda tarjetas de cr\u00e9dito"},"content":{"rendered":"<p><body><\/p>\n<p><img decoding=\"async\" src=\"img3\/banco 8.php.html\" \/>  <\/p>\n<p>Santo Domingo RD 8 noviembre.- El Banco Central y la Asociaci\u00f3n de Bancos Comerciales expresaron su desacuerdo con un  proyecto de ley sometido a la C\u00e1mara de Diputados para regular el uso de las tarjetas de cr\u00e9dito.<\/p>\n<\/p>\n<p>Al participar en una vista p\u00fablica en el sal\u00f3n de la Asamblea Nacional, Carmen Angelina Fondeur, del Banco Central; y Manuel Gonz\u00e1lez, presidente de la ABCD, alegaron que ya existen leyes y normativas que regulan el mercado de las tarjetas de cr\u00e9dito.<\/p>\n<\/p>\n<p>Coincidieron en afirmar que la poblaci\u00f3n desconoce la forma de c\u00f3mo exigir sus derechos en caso de que sean perjudicados con ese instrumento de pago.<\/p>\n<\/p>\n<p>En tanto que el economista y comentarista de televisi\u00f3n Alejandro Fern\u00e1ndez dijo no obstante que valora el trabajo e inquietudes del diputado Francisco Matos, sobre el funcionamiento del Sistema Financiero Dominicano.<\/p>\n<\/p>\n<p>La vista p\u00fablica  fue celebrada por la Comisi\u00f3n Permanente de Hacienda de la C\u00e1mara de Diputados, en el Sal\u00f3n de la Asamblea Nacional.<\/p>\n<\/p>\n<p>Durante la misma representantes de instituciones y ciudadanos respaldaron la iniciativa del legislador, por entender que los usuarios de tarjetas de cr\u00e9ditos en el pa\u00eds no tienen ninguna disposici\u00f3n legal a la cual acudir en caso de sentirse perjudicados por los emisores de ese instrumento de pago.<\/p>\n<h6> 2013-11-08 14:09:39 <\/h6>\n<p><!--\n<link rel=\"stylesheet\" href=\"css\/bootstrap.min.css\">\n\n\n<ul class=\"pagination\">\n\t    \n\t\n\n<li >\n\t<a href='?page_no=14399'>Previous<\/a>\n\t<\/li>\n\n\n       \n    \n\n<li><a href='?page_no=1'>1<\/a><\/li>\n\n\n\n<li><a href='?page_no=2'>2<\/a><\/li>\n\n\n\n<li><a>...<\/a><\/li>\n\n\n\n<li><a href='?page_no=14398'>14398<\/a><\/li>\n\n\n\n<li><a href='?page_no=14399'>14399<\/a><\/li>\n\n\n\n<li class='active'><a>14400<\/a><\/li>\n\n\n\n<li><a href='?page_no=14401'>14401<\/a><\/li>\n\n\n\n<li><a href='?page_no=14402'>14402<\/a><\/li>\n\n\n\n<li><a>...<\/a><\/li>\n\n\n\n<li><a href='?page_no=30472'>30472<\/a><\/li>\n\n\n\n<li><a href='?page_no=30473'>30473<\/a><\/li>\n\n    \n\t\n\n<li >\n\t<a href='?page_no=14401'>Next<\/a>\n\t<\/li>\n\n\n    \n\n<li><a href='?page_no=30473'>Last &rsaquo;&rsaquo;<\/a><\/li>\n\n<\/ul>\n\n\n--><br \/>\n<\/body><\/p>\n","protected":false},"excerpt":{"rendered":"<p>Santo Domingo RD 8 noviembre.- El Banco Central y la Asociaci\u00f3n de Bancos Comerciales expresaron su desacuerdo con un proyecto de ley sometido a la C\u00e1mara de Diputados para regular el uso de las tarjetas de cr\u00e9dito. Al participar en una vista p\u00fablica en el sal\u00f3n de la Asamblea Nacional, Carmen Angelina Fondeur, del Banco [&hellip;]<\/p>\n","protected":false},"author":3,"featured_media":0,"comment_status":"open","ping_status":"open","sticky":false,"template":"","format":"standard","meta":{"footnotes":""},"categories":[18],"tags":[],"class_list":["post-98888","post","type-post","status-publish","format-standard","hentry","category-economia"],"_links":{"self":[{"href":"https:\/\/diariodominicano.com\/index.php?rest_route=\/wp\/v2\/posts\/98888","targetHints":{"allow":["GET"]}}],"collection":[{"href":"https:\/\/diariodominicano.com\/index.php?rest_route=\/wp\/v2\/posts"}],"about":[{"href":"https:\/\/diariodominicano.com\/index.php?rest_route=\/wp\/v2\/types\/post"}],"author":[{"embeddable":true,"href":"https:\/\/diariodominicano.com\/index.php?rest_route=\/wp\/v2\/users\/3"}],"replies":[{"embeddable":true,"href":"https:\/\/diariodominicano.com\/index.php?rest_route=%2Fwp%2Fv2%2Fcomments&post=98888"}],"version-history":[{"count":0,"href":"https:\/\/diariodominicano.com\/index.php?rest_route=\/wp\/v2\/posts\/98888\/revisions"}],"wp:attachment":[{"href":"https:\/\/diariodominicano.com\/index.php?rest_route=%2Fwp%2Fv2%2Fmedia&parent=98888"}],"wp:term":[{"taxonomy":"category","embeddable":true,"href":"https:\/\/diariodominicano.com\/index.php?rest_route=%2Fwp%2Fv2%2Fcategories&post=98888"},{"taxonomy":"post_tag","embeddable":true,"href":"https:\/\/diariodominicano.com\/index.php?rest_route=%2Fwp%2Fv2%2Ftags&post=98888"}],"curies":[{"name":"wp","href":"https:\/\/api.w.org\/{rel}","templated":true}]}}