{"id":98879,"date":"2013-11-09T15:48:17","date_gmt":"2013-11-09T15:48:17","guid":{"rendered":"http:\/\/diariodominicano.ddns.net\/?p=98879"},"modified":"2013-11-09T15:48:17","modified_gmt":"2013-11-09T15:48:17","slug":"ventura-camejo-destaca-avances-de-rd-en-gobierno-electronico-y-ventanilla-unica","status":"publish","type":"post","link":"https:\/\/diariodominicano.com\/?p=98879","title":{"rendered":"Ventura Camejo destaca avances de RD en Gobierno Electr\u00f3nico y Ventanilla \u00danica"},"content":{"rendered":"<p><body><\/p>\n<p><img decoding=\"async\" src=\"img3\/camejo 9.jpg\" \/>  <\/p>\n<p>Santo Domingo RD 9 noviembre.-El ministro de Administraci\u00f3n P\u00fablica, licenciado Ram\u00f3n Ventura Camejo, destac\u00f3 los avances alcanzados por la Rep\u00fablica Dominicana en la implementaci\u00f3n del Gobierno Electr\u00f3nico, el establecimiento de los sistemas Ventanilla \u00danica de Inversi\u00f3n para el procesamiento de proyectos en l\u00ednea, el funcionamiento de la Oficina Virtual de la Direcci\u00f3n General de Impuestos Internos (DGII) para los pagos y otras modalidades.<\/p>\n<\/p>\n<p>El funcionario resalt\u00f3 la aplicaci\u00f3n del sistema en l\u00ednea para las importaciones puesto en funcionamiento por la Direcci\u00f3n General de Aduanas (DGA) y el Centro de Contacto Gubernamental, permitiendo la posibilidad de consultas de parte de  la ciudadan\u00eda a trav\u00e9s de esa plataforma tecnol\u00f3gica.<\/p>\n<\/p>\n<p>El principal ejecutivo del Ministerio de Administraci\u00f3n P\u00fablica (MAP), habl\u00f3 en el \u00abForo de Alto Nivel para la Cooperaci\u00f3n Corea-Am\u00e9rica Latina 2013\u00bb, celebrado en Se\u00fal, capital de la Rep\u00fablica de Corea. \u00c9ste fue integrado a las sesiones donde se discuti\u00f3 el tema, seg\u00fan lo inform\u00f3 el periodista Lu\u00eds C\u00e9spedes Pe\u00f1a.<\/p>\n<\/p>\n<p>En su intervenci\u00f3n, el ministro destac\u00f3 que la estrategia de Gobierno Electr\u00f3nico que implementa el Estado Dominicano, est\u00e1 basada en la promoci\u00f3n de la provisi\u00f3n de los servicios p\u00fablicos en l\u00ednea. Tambi\u00e9n habl\u00f3 de la capacitaci\u00f3n de servidores p\u00fablicos en las tecnolog\u00edas de la informaci\u00f3n, la comunicaci\u00f3n y la eficientizaci\u00f3n de las inversiones en el sector p\u00fablico.<\/p>\n<\/p>\n<p>Ya existe una gran colaboraci\u00f3n entre la Rep\u00fablica de Corea y la Rep\u00fablica Dominicana, en lo que respecta al Gobierno Electr\u00f3nico, a trav\u00e9s de la labor desplegada por el MAP, especialmente con la instalaci\u00f3n del Centro de Acceso a la Informaci\u00f3n, que se pondr\u00e1 a funcionar con un financiamiento coreano.<\/p>\n<\/p>\n<p>En el caso del MAP, el ministro Ventura Camejo hizo \u00e9nfasis en la labor desplegada en torno a los sistemas de Monitoreo de la Administraci\u00f3n P\u00fablica (SISMAP) y de Administraci\u00f3n de Servidores P\u00fablicos (SASP). Dijo que se trata de dos herramientas de seguimiento y transparencia, las cuales siguen dando buenos resultados.<\/p>\n<\/p>\n<p>Ventura Camejo mencion\u00f3 la cooperaci\u00f3n internacional recibida por el pa\u00eds para el Gobierno Electr\u00f3nico, especialmente de parte de la Rep\u00fablica de Corea.<\/p>\n<\/p>\n<p>Dijo que con la instalaci\u00f3n de un Centro de Acceso a la Informaci\u00f3n (IAC) para cerrar la brecha digital, con el respaldo de la Rep\u00fablica de Corea, tambi\u00e9n se busca el logro de estudios de factibilidad para implementar el SASP en los Ayuntamientos.<\/p>\n<\/p>\n<p>Tambi\u00e9n habl\u00f3 de la realizaci\u00f3n de un Plan Maestro de Gobierno Electr\u00f3nico con la Oficina Presidencial de Tecnolog\u00edas de la Informaci\u00f3n y la Comunicaci\u00f3n (OPTIC).<\/p>\n<\/p>\n<p>La Rep\u00fablica de Corea tambi\u00e9n coopera con la Rep\u00fablica Dominicana en otros temas, como son centros de promoci\u00f3n de salud, entrenamiento a funcionarios p\u00fablicos, donaci\u00f3n de computadoras para las escuelas, instalaci\u00f3n de centros de promoci\u00f3n e investigaci\u00f3n agr\u00edcola, env\u00edo de misiones de expertos y voluntarios, entre otras acciones de colaboraciones.<\/p>\n<\/p>\n<\/p>\n<h6> 2013-11-09 15:48:17 <\/h6>\n<p><!--\n<link rel=\"stylesheet\" href=\"css\/bootstrap.min.css\">\n\n\n<ul class=\"pagination\">\n\t    \n\t\n\n<li >\n\t<a href='?page_no=14392'>Previous<\/a>\n\t<\/li>\n\n\n       \n    \n\n<li><a href='?page_no=1'>1<\/a><\/li>\n\n\n\n<li><a href='?page_no=2'>2<\/a><\/li>\n\n\n\n<li><a>...<\/a><\/li>\n\n\n\n<li><a href='?page_no=14391'>14391<\/a><\/li>\n\n\n\n<li><a href='?page_no=14392'>14392<\/a><\/li>\n\n\n\n<li class='active'><a>14393<\/a><\/li>\n\n\n\n<li><a href='?page_no=14394'>14394<\/a><\/li>\n\n\n\n<li><a href='?page_no=14395'>14395<\/a><\/li>\n\n\n\n<li><a>...<\/a><\/li>\n\n\n\n<li><a href='?page_no=30472'>30472<\/a><\/li>\n\n\n\n<li><a href='?page_no=30473'>30473<\/a><\/li>\n\n    \n\t\n\n<li >\n\t<a href='?page_no=14394'>Next<\/a>\n\t<\/li>\n\n\n    \n\n<li><a href='?page_no=30473'>Last &rsaquo;&rsaquo;<\/a><\/li>\n\n<\/ul>\n\n\n--><br \/>\n<\/body><\/p>\n","protected":false},"excerpt":{"rendered":"<p>Santo Domingo RD 9 noviembre.-El ministro de Administraci\u00f3n P\u00fablica, licenciado Ram\u00f3n Ventura Camejo, destac\u00f3 los avances alcanzados por la Rep\u00fablica Dominicana en la implementaci\u00f3n del Gobierno Electr\u00f3nico, el establecimiento de los sistemas Ventanilla \u00danica de Inversi\u00f3n para el procesamiento de proyectos en l\u00ednea, el funcionamiento de la Oficina Virtual de la Direcci\u00f3n General de Impuestos [&hellip;]<\/p>\n","protected":false},"author":3,"featured_media":0,"comment_status":"open","ping_status":"open","sticky":false,"template":"","format":"standard","meta":{"footnotes":""},"categories":[18],"tags":[],"class_list":["post-98879","post","type-post","status-publish","format-standard","hentry","category-economia"],"_links":{"self":[{"href":"https:\/\/diariodominicano.com\/index.php?rest_route=\/wp\/v2\/posts\/98879","targetHints":{"allow":["GET"]}}],"collection":[{"href":"https:\/\/diariodominicano.com\/index.php?rest_route=\/wp\/v2\/posts"}],"about":[{"href":"https:\/\/diariodominicano.com\/index.php?rest_route=\/wp\/v2\/types\/post"}],"author":[{"embeddable":true,"href":"https:\/\/diariodominicano.com\/index.php?rest_route=\/wp\/v2\/users\/3"}],"replies":[{"embeddable":true,"href":"https:\/\/diariodominicano.com\/index.php?rest_route=%2Fwp%2Fv2%2Fcomments&post=98879"}],"version-history":[{"count":0,"href":"https:\/\/diariodominicano.com\/index.php?rest_route=\/wp\/v2\/posts\/98879\/revisions"}],"wp:attachment":[{"href":"https:\/\/diariodominicano.com\/index.php?rest_route=%2Fwp%2Fv2%2Fmedia&parent=98879"}],"wp:term":[{"taxonomy":"category","embeddable":true,"href":"https:\/\/diariodominicano.com\/index.php?rest_route=%2Fwp%2Fv2%2Fcategories&post=98879"},{"taxonomy":"post_tag","embeddable":true,"href":"https:\/\/diariodominicano.com\/index.php?rest_route=%2Fwp%2Fv2%2Ftags&post=98879"}],"curies":[{"name":"wp","href":"https:\/\/api.w.org\/{rel}","templated":true}]}}