{"id":98877,"date":"2013-11-10T12:37:55","date_gmt":"2013-11-10T12:37:55","guid":{"rendered":"http:\/\/diariodominicano.ddns.net\/?p=98877"},"modified":"2013-11-10T12:37:55","modified_gmt":"2013-11-10T12:37:55","slug":"copardom-sector-privado-solo-ha-generado-40-mil-empleos-en-10-anos","status":"publish","type":"post","link":"https:\/\/diariodominicano.com\/?p=98877","title":{"rendered":"COPARDOM: \u00abSector privado s\u00f3lo ha generado 40 mil empleos en 10 a\u00f1os\u00bb"},"content":{"rendered":"<p><body><\/p>\n<p><img decoding=\"async\" src=\"img3\/Jaime.jpg\" \/>  <\/p>\n<p><span class=\"text1noticias\">Santo Domingo, RD, 10 de Noviembre.-El presidente de la Confederaci\u00f3n Patronal inform\u00f3  que en los \u00faltimos diez a\u00f1os que tiene en vigencia la Ley de Seguridad Social el sector privado solo ha generado 40 mil plazas de trabajo, es decir cuatro mil empleos por a\u00f1o.<\/span><\/p>\n<\/p>\n<p><span class=\"text1noticias\">Jaime Gonz\u00e1lez dijo que contrario a lo que se piensa que es a los grandes empresarios que les interesa la modificaci\u00f3n del C\u00f3digo de Trabajo, son las Micro, Peque\u00f1as y Medianas Empresas que no soportan la carga laboral.<\/span><\/p>\n<\/p>\n<p><span class=\"text1noticias\">Record\u00f3 que el 80 por ciento del movimiento de la econom\u00eda dominicana est\u00e1 motorizado por las MIPYMES, que son las que est\u00e1n sufriendo los rigores del alto costo laboral.<\/span><\/p>\n<\/p>\n<p><span class=\"text1noticias\">Entrevistado por H\u00e9ctor Herrera Cabral en el programa D\u00b4AGENDA que cada domingo se difunde por Telesistema Canal 11, el dirigente empresarial explic\u00f3 que la mayor\u00eda de las Micro, Peque\u00f1as y Medianas empresas tienen un pasivo laboral por encima del total de sus activos.<\/span><\/p>\n<\/p>\n<p><span class=\"text1noticias\">Sostuvo  que mientras eso sucede la econom\u00eda contin\u00faa su mete\u00f3rica carrera de informalidad,  y a quienes intentan poner un negocio formal, lo que hace el Estado dominicano es castigarlo. <\/span><\/p>\n<p><span class=\"text1noticias\">\u00abY eso es lo que demuestran las estad\u00edsticas, que mientras crecen los negocios informales, el sector empresarial solo ha creado 40 mil empleos en los \u00faltimos diez a\u00f1os, es decir a raz\u00f3n de cuatro mil puesto de trabajo por a\u00f1o.<\/span><\/p>\n<\/p>\n<p><span class=\"text1noticias\">Jaime Gonz\u00e1lez reiter\u00f3 que m\u00e1s que eliminar la cesant\u00eda, el planteamiento de los empleadores es que se le ponga un tope, y que se establezca un seguro de despido a los trabajadores que pierden su empleo.<\/span><\/p>\n<p><span class=\"text1noticias\">Gonz\u00e1lez insisti\u00f3 en que a las grandes empresas el costo laboral no le crea mayores inconvenientes, como s\u00ed se lo provoca a los peque\u00f1os negocios.<\/span><\/p>\n<\/p>\n<p><span class=\"text1noticias\">El presidente de COPARDOM, rechaz\u00f3 que el sector empresarial haya objetado la participaci\u00f3n del ex vicepresidente  Rafael Alburquerque en la comisi\u00f3n designada por el presidente Danilo Medina para sugerir f\u00f3rmulas para modificar el C\u00f3digo Laboral.<\/span><\/p>\n<\/p>\n<p><span class=\"text1noticias\">A COPARDOM le preocupa carrera de endeudamiento<\/span><\/p>\n<\/p>\n<p><span class=\"text1noticias\">Al sector empleador le preocupa la carrera de endeudamiento que se sigue produciendo en el pa\u00eds, y que se manifiesta en el presupuesto del pr\u00f3ximo a\u00f1o.<\/span><\/p>\n<\/p>\n<p><span class=\"text1noticias\">El ingeniero Jaime Gonz\u00e1lez dice que el sector empresarial ve con buenos ojos la decisi\u00f3n del gobierno del presidente Danilo Medina de reducir considerablemente el d\u00e9ficit fiscal.<\/span><\/p>\n<\/p>\n<p><span class=\"text1noticias\">Sin embargo el presidente de la Confederaci\u00f3n Patronal sostiene que este ha sido un a\u00f1o muy dif\u00edcil en t\u00e9rminos econ\u00f3micos para los sectores productivos, principalmente en los primeros seis meses del 2013.<\/span><\/p>\n<\/p>\n<p><span class=\"text1noticias\">En tal sentido Gonz\u00e1lez sugiere al primer mandatario que tome medidas trascendentes para dinamizar la econom\u00eda, aunque para ello tengan que sacrificar algunos puntos de su alta popularidad.<\/span><\/p>\n<\/p>\n<p><span class=\"text1noticias\">El dirigente empresarial lament\u00f3 los inconvenientes y las trabas que se han presentado para la construcci\u00f3n de los diez mil aulas proyectadas por el gobierno, lo que impedir\u00e1 que se pueda invertir el cuatro por ciento del Producto Interno Bruto al sector educativo.(HG)<\/span>.<\/p>\n<\/p>\n<h6> 2013-11-10 12:37:55 <\/h6>\n<p><!--\n<link rel=\"stylesheet\" href=\"css\/bootstrap.min.css\">\n\n\n<ul class=\"pagination\">\n\t    \n\t\n\n<li >\n\t<a href='?page_no=14390'>Previous<\/a>\n\t<\/li>\n\n\n       \n    \n\n<li><a href='?page_no=1'>1<\/a><\/li>\n\n\n\n<li><a href='?page_no=2'>2<\/a><\/li>\n\n\n\n<li><a>...<\/a><\/li>\n\n\n\n<li><a href='?page_no=14389'>14389<\/a><\/li>\n\n\n\n<li><a href='?page_no=14390'>14390<\/a><\/li>\n\n\n\n<li class='active'><a>14391<\/a><\/li>\n\n\n\n<li><a href='?page_no=14392'>14392<\/a><\/li>\n\n\n\n<li><a href='?page_no=14393'>14393<\/a><\/li>\n\n\n\n<li><a>...<\/a><\/li>\n\n\n\n<li><a href='?page_no=30472'>30472<\/a><\/li>\n\n\n\n<li><a href='?page_no=30473'>30473<\/a><\/li>\n\n    \n\t\n\n<li >\n\t<a href='?page_no=14392'>Next<\/a>\n\t<\/li>\n\n\n    \n\n<li><a href='?page_no=30473'>Last &rsaquo;&rsaquo;<\/a><\/li>\n\n<\/ul>\n\n\n--><br \/>\n<\/body><\/p>\n","protected":false},"excerpt":{"rendered":"<p>Santo Domingo, RD, 10 de Noviembre.-El presidente de la Confederaci\u00f3n Patronal inform\u00f3 que en los \u00faltimos diez a\u00f1os que tiene en vigencia la Ley de Seguridad Social el sector privado solo ha generado 40 mil plazas de trabajo, es decir cuatro mil empleos por a\u00f1o. Jaime Gonz\u00e1lez dijo que contrario a lo que se piensa [&hellip;]<\/p>\n","protected":false},"author":3,"featured_media":0,"comment_status":"open","ping_status":"open","sticky":false,"template":"","format":"standard","meta":{"footnotes":""},"categories":[18],"tags":[],"class_list":["post-98877","post","type-post","status-publish","format-standard","hentry","category-economia"],"_links":{"self":[{"href":"https:\/\/diariodominicano.com\/index.php?rest_route=\/wp\/v2\/posts\/98877","targetHints":{"allow":["GET"]}}],"collection":[{"href":"https:\/\/diariodominicano.com\/index.php?rest_route=\/wp\/v2\/posts"}],"about":[{"href":"https:\/\/diariodominicano.com\/index.php?rest_route=\/wp\/v2\/types\/post"}],"author":[{"embeddable":true,"href":"https:\/\/diariodominicano.com\/index.php?rest_route=\/wp\/v2\/users\/3"}],"replies":[{"embeddable":true,"href":"https:\/\/diariodominicano.com\/index.php?rest_route=%2Fwp%2Fv2%2Fcomments&post=98877"}],"version-history":[{"count":0,"href":"https:\/\/diariodominicano.com\/index.php?rest_route=\/wp\/v2\/posts\/98877\/revisions"}],"wp:attachment":[{"href":"https:\/\/diariodominicano.com\/index.php?rest_route=%2Fwp%2Fv2%2Fmedia&parent=98877"}],"wp:term":[{"taxonomy":"category","embeddable":true,"href":"https:\/\/diariodominicano.com\/index.php?rest_route=%2Fwp%2Fv2%2Fcategories&post=98877"},{"taxonomy":"post_tag","embeddable":true,"href":"https:\/\/diariodominicano.com\/index.php?rest_route=%2Fwp%2Fv2%2Ftags&post=98877"}],"curies":[{"name":"wp","href":"https:\/\/api.w.org\/{rel}","templated":true}]}}