{"id":98876,"date":"2013-11-10T13:28:44","date_gmt":"2013-11-10T13:28:44","guid":{"rendered":"http:\/\/diariodominicano.ddns.net\/?p=98876"},"modified":"2013-11-10T13:28:44","modified_gmt":"2013-11-10T13:28:44","slug":"foro-regional-del-sector-electrico-discute-problemas-del-suroeste","status":"publish","type":"post","link":"https:\/\/diariodominicano.com\/?p=98876","title":{"rendered":"Foro Regional del Sector El\u00e9ctrico discute problemas del Suroeste"},"content":{"rendered":"<p><body><\/p>\n<p><img decoding=\"async\" src=\"img3\/edesur.jpg\" \/>  <\/p>\n<p><span class=\"text1noticias\">Barahona, RD, 10 de Noviembre.-La Corporaci\u00f3n de Empresas El\u00e9ctricas  Estatales (CDEEE) y Edesur Dominicana realizaron este viernes en esta ciudad, el Foro Regional del Sector El\u00e9ctrico, con la finalidad de crear un espacio de dialogo entre el sector el\u00e9ctrico y la ciudadan\u00eda.<\/span><\/p>\n<\/p>\n<p><span class=\"text1noticias\">        El encuentro fue realizado en la Universidad Cat\u00f3lica Tecnol\u00f3gica de Barahona (Ucateba), donde asistieron funcionarios de la CDEEE y Edesur, adem\u00e1s de Alcaldes de Vicente Noble y Tamayo y representantes de entidades del Suroeste.<\/span><\/p>\n<p><span class=\"text1noticias\"> <\/span><\/p>\n<p><span class=\"text1noticias\">        Representantes de ambas entidades del sector el\u00e9ctrico explicaron la situaci\u00f3n actual y perspectivas en que est\u00e1 en la Republica Dominicana, donde se plantearon soluciones a la problem\u00e1tica de la zona.<\/span><\/p>\n<p><span class=\"text1noticias\"> <\/span><\/p>\n<p><span class=\"text1noticias\">        En la actividad hablaron Cristian Robles Hern\u00e1ndez, Gerente T\u00e9cnico sector Barahona,  Alfonso Orbe Hodge, Kerbin M\u00e9ndez, Santo Percell, Juan Luis Moreta entre otros.<\/span><\/p>\n<p><span class=\"text1noticias\"> <\/span><\/p>\n<p><span class=\"text1noticias\">En la actividad participaron m\u00e1s de 50 dirigentes de juntas de vecinos de todas las provincias que integran la Regi\u00f3n Enriquillo, as\u00ed como representantes de las iglesias, autoridades locales, provinciales, regionales y del sector el\u00e9ctrico nacional.<\/span><\/p>\n<p><span class=\"text1noticias\"> <\/span><\/p>\n<p><span class=\"text1noticias\">El foro es el cuarto de una serie de encuentros regionales que organiza y que lleva a cabo la Corporaci\u00f3n Dominicana de Empresas El\u00e9ctricas Estatales (CDEEE) como matriz del holding en las tres distribuidoras de electricidad, el primero, de los cuales fue realizado recientemente en San Crist\u00f3bal.<\/span><\/p>\n<p><span class=\"text1noticias\"> <\/span><\/p>\n<p><span class=\"text1noticias\">El objetivo del foro es crear un espacio de di\u00e1logo entre el sector el\u00e9ctrico y la ciudadan\u00eda, en orden a concitar un mayor apoyo de los y las consumidores, a la sostenibilidad financiera del sector, remarcando el rol estrat\u00e9gico del mismo para la competitividad de la industria local y las metas de la estrategia nacional de desarrollo\u00bb, resalta una nota entregada por la direcci\u00f3n de Comunicaci\u00f3n de EDESUR.<\/span><\/p>\n<p><span class=\"text1noticias\"> <\/span><\/p>\n<p><span class=\"text1noticias\">Los temas abordados por los expertos en el Foro fueron Aportes de la Reforma del Sector El\u00e9ctrico (Avances &amp; Retos); Situaci\u00f3n Actual de la Generaci\u00f3n de Electricidad; Situaci\u00f3n Actual del Sistema de Distribuci\u00f3n El\u00e9ctrica; Comercializaci\u00f3n del Suministro El\u00e9ctrico  y Desaf\u00edos del Sector en Relaci\u00f3n a la Sostenibilidad Financiera as\u00ed como Avances y Desaf\u00edos en la Implementaci\u00f3n de Estrategias para la Reducci\u00f3n de las P\u00e9rdidas.<\/span><\/p>\n<p><span class=\"text1noticias\"> <\/span><\/p>\n<p><span class=\"text1noticias\">Luego de las exposiciones los participantes formularon preguntas a los que abordaron los temas, quienes respondieron a cada cuestionamiento acorde al manejo t\u00e9cnico y real de cada tema planteado.<\/span><\/p>\n<p><span class=\"text1noticias\"> <\/span><\/p>\n<p><span class=\"text1noticias\">En la zona de concesi\u00f3n de EDESUR el pr\u00f3ximo encuentro ser\u00e1 realizado en la ciudad de Ban\u00ed para abarcar representaciones de toda la zona Sur del pa\u00eds.(HG)<\/span>.<\/p>\n<h6> 2013-11-10 13:28:44 <\/h6>\n<p><!--\n<link rel=\"stylesheet\" href=\"css\/bootstrap.min.css\">\n\n\n<ul class=\"pagination\">\n\t    \n\t\n\n<li >\n\t<a href='?page_no=14389'>Previous<\/a>\n\t<\/li>\n\n\n       \n    \n\n<li><a href='?page_no=1'>1<\/a><\/li>\n\n\n\n<li><a href='?page_no=2'>2<\/a><\/li>\n\n\n\n<li><a>...<\/a><\/li>\n\n\n\n<li><a href='?page_no=14388'>14388<\/a><\/li>\n\n\n\n<li><a href='?page_no=14389'>14389<\/a><\/li>\n\n\n\n<li class='active'><a>14390<\/a><\/li>\n\n\n\n<li><a href='?page_no=14391'>14391<\/a><\/li>\n\n\n\n<li><a href='?page_no=14392'>14392<\/a><\/li>\n\n\n\n<li><a>...<\/a><\/li>\n\n\n\n<li><a href='?page_no=30472'>30472<\/a><\/li>\n\n\n\n<li><a href='?page_no=30473'>30473<\/a><\/li>\n\n    \n\t\n\n<li >\n\t<a href='?page_no=14391'>Next<\/a>\n\t<\/li>\n\n\n    \n\n<li><a href='?page_no=30473'>Last &rsaquo;&rsaquo;<\/a><\/li>\n\n<\/ul>\n\n\n--><br \/>\n<\/body><\/p>\n","protected":false},"excerpt":{"rendered":"<p>Barahona, RD, 10 de Noviembre.-La Corporaci\u00f3n de Empresas El\u00e9ctricas Estatales (CDEEE) y Edesur Dominicana realizaron este viernes en esta ciudad, el Foro Regional del Sector El\u00e9ctrico, con la finalidad de crear un espacio de dialogo entre el sector el\u00e9ctrico y la ciudadan\u00eda. El encuentro fue realizado en la Universidad Cat\u00f3lica Tecnol\u00f3gica de Barahona (Ucateba), donde [&hellip;]<\/p>\n","protected":false},"author":3,"featured_media":0,"comment_status":"open","ping_status":"open","sticky":false,"template":"","format":"standard","meta":{"footnotes":""},"categories":[18],"tags":[],"class_list":["post-98876","post","type-post","status-publish","format-standard","hentry","category-economia"],"_links":{"self":[{"href":"https:\/\/diariodominicano.com\/index.php?rest_route=\/wp\/v2\/posts\/98876","targetHints":{"allow":["GET"]}}],"collection":[{"href":"https:\/\/diariodominicano.com\/index.php?rest_route=\/wp\/v2\/posts"}],"about":[{"href":"https:\/\/diariodominicano.com\/index.php?rest_route=\/wp\/v2\/types\/post"}],"author":[{"embeddable":true,"href":"https:\/\/diariodominicano.com\/index.php?rest_route=\/wp\/v2\/users\/3"}],"replies":[{"embeddable":true,"href":"https:\/\/diariodominicano.com\/index.php?rest_route=%2Fwp%2Fv2%2Fcomments&post=98876"}],"version-history":[{"count":0,"href":"https:\/\/diariodominicano.com\/index.php?rest_route=\/wp\/v2\/posts\/98876\/revisions"}],"wp:attachment":[{"href":"https:\/\/diariodominicano.com\/index.php?rest_route=%2Fwp%2Fv2%2Fmedia&parent=98876"}],"wp:term":[{"taxonomy":"category","embeddable":true,"href":"https:\/\/diariodominicano.com\/index.php?rest_route=%2Fwp%2Fv2%2Fcategories&post=98876"},{"taxonomy":"post_tag","embeddable":true,"href":"https:\/\/diariodominicano.com\/index.php?rest_route=%2Fwp%2Fv2%2Ftags&post=98876"}],"curies":[{"name":"wp","href":"https:\/\/api.w.org\/{rel}","templated":true}]}}