{"id":98874,"date":"2013-11-10T16:14:00","date_gmt":"2013-11-10T16:14:00","guid":{"rendered":"http:\/\/diariodominicano.ddns.net\/?p=98874"},"modified":"2013-11-10T16:14:00","modified_gmt":"2013-11-10T16:14:00","slug":"codepro-expresa-preocupacion-por-inslatacion-de-impresoras-fiscales-en-pequenos-negocios","status":"publish","type":"post","link":"https:\/\/diariodominicano.com\/?p=98874","title":{"rendered":"Codepro expresa preocupaci\u00f3n por inslataci\u00f3n de impresoras fiscales en peque\u00f1os negocios"},"content":{"rendered":"<p><body><\/p>\n<p><img decoding=\"async\" src=\"img3\/codepro.jpg\" \/>  <\/p>\n<p><span class=\"text1noticias\">Santo Domingo, RD, 10 de Noviembre.-El Consejo Dominicano de Detallistas en Provisiones (Codepro) expres\u00f3 su preocupaci\u00f3n por  el hecho de que a  peque\u00f1os comercios de provisiones y de otras \u00e1reas se les obligue a  instalar las  impresoras fiscales, tras advertir  que esta medida traer\u00eda como consecuencia la quiebra masiva de miles de negocios a nivel nacional.<\/span><\/p>\n<\/p>\n<p><span class=\"text1noticias\">El presidente de Codepro, Rafael Santos dijo que   los peque\u00f1os negocios del comercio de provisiones y al detalle  no tiene las condiciones m\u00ednimas para que les sean instaladas dichos equipos,   ya que m\u00e1s del 90% de los colmados del  pa\u00eds est\u00e1n desarrollando sus actividades para subsistir m\u00ednimamente y no re\u00fanen los requisitos  para la formalizaci\u00f3n que requiere la instalaci\u00f3n de este nuevo sistema.<\/span><\/p>\n<\/p>\n<p><span class=\"text1noticias\"> Aclar\u00f3 que esa entidad es  partidaria de que todos tributen al fisco,  por lo tanto le solicita a  Direcci\u00f3n General de Impuestos Internos (DGII)  que elabore una norma que facilite el cumplimiento de las obligaciones tributarias de manera simple a los peque\u00f1os comercios.<\/span><\/p>\n<\/p>\n<p><span class=\"text1noticias\">Agreg\u00f3 que la solicitud la hace en virtud de que ya el sistema ordinario de tributaci\u00f3n es inaplicable para miles de detallistas porque la presentaci\u00f3n mensual de las operaciones de compra y venta requieren de un t\u00e9cnico en  materia impositiva o contable,  lo cual encarece los costos operacionales. <\/span><\/p>\n<\/p>\n<p><span class=\"text1noticias\">Destac\u00f3 que en  la actualidad el costo  operacional de los peque\u00f1os comercios sobrepasa el 20% con relaci\u00f3n a las ventas y si a esto se le  agregan los costos de adquisici\u00f3n de dichas impresoras, el mantenimiento, servicio de internet, energ\u00eda el\u00e9ctrica permanente, personal calificado para su operaci\u00f3n representar\u00eda   una carga tributaria mayor que estar\u00eda empujando al precipicio a estos peque\u00f1os comercios,  lo cual traer\u00eda efectos negativos ya que miles de personas que dependen de los mismos ir\u00edan a las calles.    <\/span><\/p>\n<\/p>\n<p><span class=\"text1noticias\">\u00abEs de conocimiento  que el comercio atraviesa en estos momentos por una situaci\u00f3n cr\u00edtica,  no obstante entendemos que si los temas que afectan al sector son analizados y se toman los correctivos de lugar podemos salir airosos\u00bb, dijo el dirigente comercial.<\/span><\/p>\n<\/p>\n<p><span class=\"text1noticias\">Plante\u00f3 que el  aporte que hace el sector comercio en la generaci\u00f3n de empleos y su contribuci\u00f3n al PIB lo hacen merecedores de una atenci\u00f3n importante por parte de las autoridades en la b\u00fasqueda conjunta de soluciones a los problemas que los afectan. (HG)<\/span>.<\/p>\n<h6> 2013-11-10 16:14:00 <\/h6>\n<p><!--\n<link rel=\"stylesheet\" href=\"css\/bootstrap.min.css\">\n\n\n<ul class=\"pagination\">\n\t    \n\t\n\n<li >\n\t<a href='?page_no=14388'>Previous<\/a>\n\t<\/li>\n\n\n       \n    \n\n<li><a href='?page_no=1'>1<\/a><\/li>\n\n\n\n<li><a href='?page_no=2'>2<\/a><\/li>\n\n\n\n<li><a>...<\/a><\/li>\n\n\n\n<li><a href='?page_no=14387'>14387<\/a><\/li>\n\n\n\n<li><a href='?page_no=14388'>14388<\/a><\/li>\n\n\n\n<li class='active'><a>14389<\/a><\/li>\n\n\n\n<li><a href='?page_no=14390'>14390<\/a><\/li>\n\n\n\n<li><a href='?page_no=14391'>14391<\/a><\/li>\n\n\n\n<li><a>...<\/a><\/li>\n\n\n\n<li><a href='?page_no=30472'>30472<\/a><\/li>\n\n\n\n<li><a href='?page_no=30473'>30473<\/a><\/li>\n\n    \n\t\n\n<li >\n\t<a href='?page_no=14390'>Next<\/a>\n\t<\/li>\n\n\n    \n\n<li><a href='?page_no=30473'>Last &rsaquo;&rsaquo;<\/a><\/li>\n\n<\/ul>\n\n\n--><br \/>\n<\/body><\/p>\n","protected":false},"excerpt":{"rendered":"<p>Santo Domingo, RD, 10 de Noviembre.-El Consejo Dominicano de Detallistas en Provisiones (Codepro) expres\u00f3 su preocupaci\u00f3n por el hecho de que a peque\u00f1os comercios de provisiones y de otras \u00e1reas se les obligue a instalar las impresoras fiscales, tras advertir que esta medida traer\u00eda como consecuencia la quiebra masiva de miles de negocios a nivel [&hellip;]<\/p>\n","protected":false},"author":3,"featured_media":0,"comment_status":"open","ping_status":"open","sticky":false,"template":"","format":"standard","meta":{"footnotes":""},"categories":[18],"tags":[],"class_list":["post-98874","post","type-post","status-publish","format-standard","hentry","category-economia"],"_links":{"self":[{"href":"https:\/\/diariodominicano.com\/index.php?rest_route=\/wp\/v2\/posts\/98874","targetHints":{"allow":["GET"]}}],"collection":[{"href":"https:\/\/diariodominicano.com\/index.php?rest_route=\/wp\/v2\/posts"}],"about":[{"href":"https:\/\/diariodominicano.com\/index.php?rest_route=\/wp\/v2\/types\/post"}],"author":[{"embeddable":true,"href":"https:\/\/diariodominicano.com\/index.php?rest_route=\/wp\/v2\/users\/3"}],"replies":[{"embeddable":true,"href":"https:\/\/diariodominicano.com\/index.php?rest_route=%2Fwp%2Fv2%2Fcomments&post=98874"}],"version-history":[{"count":0,"href":"https:\/\/diariodominicano.com\/index.php?rest_route=\/wp\/v2\/posts\/98874\/revisions"}],"wp:attachment":[{"href":"https:\/\/diariodominicano.com\/index.php?rest_route=%2Fwp%2Fv2%2Fmedia&parent=98874"}],"wp:term":[{"taxonomy":"category","embeddable":true,"href":"https:\/\/diariodominicano.com\/index.php?rest_route=%2Fwp%2Fv2%2Fcategories&post=98874"},{"taxonomy":"post_tag","embeddable":true,"href":"https:\/\/diariodominicano.com\/index.php?rest_route=%2Fwp%2Fv2%2Ftags&post=98874"}],"curies":[{"name":"wp","href":"https:\/\/api.w.org\/{rel}","templated":true}]}}