{"id":98873,"date":"2013-11-10T16:25:51","date_gmt":"2013-11-10T16:25:51","guid":{"rendered":"http:\/\/diariodominicano.ddns.net\/?p=98873"},"modified":"2013-11-10T16:25:51","modified_gmt":"2013-11-10T16:25:51","slug":"expertas-plantean-fomentar-el-autoempleo-para-combatir-pobreza","status":"publish","type":"post","link":"https:\/\/diariodominicano.com\/?p=98873","title":{"rendered":"Expertas plantean fomentar el autoempleo para combatir pobreza"},"content":{"rendered":"<p><body><\/p>\n<p><img decoding=\"async\" src=\"http:\/\/localhost:8080\/economia\/img3\/Lizardo.jpg\" \/>  <\/p>\n<p><span class=\"text1noticias\">Santo Domingo, RD, 10 de Noviembre.-El fomento del autoempleo por cuenta propia puede ser impulsado como una estrategia de combate a la pobreza si se logra elevar las capacidades para que estos trabajadores puedan generar un nivel de ingreso que les permita salir de la situaci\u00f3n de pobreza, afirmaron dos investigadoras del Ministerio de Econom\u00eda, Planificaci\u00f3n y Desarrollo.<\/span><\/p>\n<\/p>\n<p><span class=\"text1noticias\">\tEn una ponencia titulada \u00abFomento del Autoempleo y el Combate a la Pobreza\u00bb, expuesta durante el III Foro Anual sobre G\u00e9nero, Igualdad de Oportunidades y no Discriminaci\u00f3n, organizado por el Ministerio de Trabajo, las licenciadas Magdalena Lizardo y Maritza Garc\u00eda expresaron que los trabajadores por cuenta propia no profesionales requieren mejor formaci\u00f3n para sus oficios, as\u00ed como acceso a un cierto nivel de activos productivos para estar en condiciones de aprovechar las oportunidades.<\/span><\/p>\n<\/p>\n<p><span class=\"text1noticias\">\t\u00abPara los trabajadores por cuenta propia en el sector agropecuario o en la manufactura, en adici\u00f3n a la capacitaci\u00f3n, se necesita un paquete de servicios que permitan a la unidad productiva elevar su productividad\u00bb, expusieron las expertas,  inform\u00f3 la Unidad de Comunicaciones del Ministerio de Econom\u00eda. <\/span><\/p>\n<\/p>\n<p><span class=\"text1noticias\">\tDijeron, asimismo, que es necesario reducir  la vulnerabilidad laboral de muchos de los trabajadores por cuenta propia no profesionales para lo que se requiere abordar el tema de la seguridad social.<\/span><\/p>\n<\/p>\n<p><span class=\"text1noticias\">\tAdvirtieron que aun poniendo en marcha el R\u00e9gimen Contributivo-Subsidiado de seguridad social, \u00abes altamente probable que el subsidio a ser aportado por el Estado sea alto\u00bb, pues \u00aben condiciones de altos niveles de pobreza, el hecho de que se tenga un trabajo en muchas ocasiones no reduce la vulnerabilidad\u00bb. <\/span><\/p>\n<\/p>\n<p><span class=\"text1noticias\">\tLizardo y Garc\u00eda se\u00f1alan que \u00ablos programas de fomento deber\u00edan estar en capacidad de identificar oportunidades y apoyar el tr\u00e1nsito de un emprendimiento de subsistencia hacia una unidad productiva con capacidad de acumulaci\u00f3n\u00bb. <\/span><\/p>\n<\/p>\n<p><span class=\"text1noticias\">\tAgregaron que  un enfoque integral para el fomento al trabajo independiente requiere \u00abacceso a capital de trabajo, al conocimiento, a la tecnolog\u00eda y a los mercados a fin de crear negocios sostenibles\u00bb. <\/span><\/p>\n<p><span class=\"text1noticias\">\tIgualmente, sostienen que es necesario dar asesor\u00eda en el desarrollo de un plan de negocios y acompa\u00f1amiento en todo el ciclo de  desarrollo de un emprendimiento.<\/span><\/p>\n<\/p>\n<p><span class=\"text1noticias\">\t Expresaron que en Rep\u00fablica Dominicana actualmente se est\u00e1 haciendo un esfuerzo de aumentar el acceso a financiamiento para las microempresas mediante la acci\u00f3n de Banca Solidaria, Fundaci\u00f3n Banreservas, el Fondo Especial para el Desarrollo Agropecuario (FEDA) y el Banco Agr\u00edcola.<\/span><\/p>\n<\/p>\n<p><span class=\"text1noticias\">\tManifestaron que tambi\u00e9n es fundamental fortalecer los nexos asociativos de los trabajadores por cuenta propia. <\/span><\/p>\n<\/p>\n<p><span class=\"text1noticias\">\tDestacaron que Banca  Solidaria  surgi\u00f3 con el  objetivo de \u00abpromover la inclusi\u00f3n financiera de miles de personas de bajos ingresos, facilitarles el acceso a los servicios financieros de calidad, impulsar una democratizaci\u00f3n del cr\u00e9dito y crear capital social utilizando la metodolog\u00eda de grupos solidarios\u00bb para lo que cont\u00f3 inicialmente con una inyecci\u00f3n gubernamental de RD$500 millones para sus operaciones.<\/span><\/p>\n<p><span class=\"text1noticias\">\tExpusieron que el trabajo por cuenta propia es muy significativo en relaci\u00f3n con la totalidad del empleo asalariado en Rep\u00fablica Dominicana ya que desde hace doce a\u00f1os se mantiene en alrededor del 40% de la fuerza laboral empleada.(HG)<\/span>.<\/p>\n<\/p>\n<h6> 2013-11-10 16:25:51 <\/h6>\n<p><!--\n<link rel=\"stylesheet\" href=\"css\/bootstrap.min.css\">\n\n\n<ul class=\"pagination\">\n\t    \n\t\n\n<li >\n\t<a href='?page_no=14387'>Previous<\/a>\n\t<\/li>\n\n\n       \n    \n\n<li><a href='?page_no=1'>1<\/a><\/li>\n\n\n\n<li><a href='?page_no=2'>2<\/a><\/li>\n\n\n\n<li><a>...<\/a><\/li>\n\n\n\n<li><a href='?page_no=14386'>14386<\/a><\/li>\n\n\n\n<li><a href='?page_no=14387'>14387<\/a><\/li>\n\n\n\n<li class='active'><a>14388<\/a><\/li>\n\n\n\n<li><a href='?page_no=14389'>14389<\/a><\/li>\n\n\n\n<li><a href='?page_no=14390'>14390<\/a><\/li>\n\n\n\n<li><a>...<\/a><\/li>\n\n\n\n<li><a href='?page_no=30472'>30472<\/a><\/li>\n\n\n\n<li><a href='?page_no=30473'>30473<\/a><\/li>\n\n    \n\t\n\n<li >\n\t<a href='?page_no=14389'>Next<\/a>\n\t<\/li>\n\n\n    \n\n<li><a href='?page_no=30473'>Last &rsaquo;&rsaquo;<\/a><\/li>\n\n<\/ul>\n\n\n--><br \/>\n<\/body><\/p>\n","protected":false},"excerpt":{"rendered":"<p>Santo Domingo, RD, 10 de Noviembre.-El fomento del autoempleo por cuenta propia puede ser impulsado como una estrategia de combate a la pobreza si se logra elevar las capacidades para que estos trabajadores puedan generar un nivel de ingreso que les permita salir de la situaci\u00f3n de pobreza, afirmaron dos investigadoras del Ministerio de Econom\u00eda, [&hellip;]<\/p>\n","protected":false},"author":3,"featured_media":0,"comment_status":"open","ping_status":"open","sticky":false,"template":"","format":"standard","meta":{"footnotes":""},"categories":[18],"tags":[],"class_list":["post-98873","post","type-post","status-publish","format-standard","hentry","category-economia"],"_links":{"self":[{"href":"https:\/\/diariodominicano.com\/index.php?rest_route=\/wp\/v2\/posts\/98873","targetHints":{"allow":["GET"]}}],"collection":[{"href":"https:\/\/diariodominicano.com\/index.php?rest_route=\/wp\/v2\/posts"}],"about":[{"href":"https:\/\/diariodominicano.com\/index.php?rest_route=\/wp\/v2\/types\/post"}],"author":[{"embeddable":true,"href":"https:\/\/diariodominicano.com\/index.php?rest_route=\/wp\/v2\/users\/3"}],"replies":[{"embeddable":true,"href":"https:\/\/diariodominicano.com\/index.php?rest_route=%2Fwp%2Fv2%2Fcomments&post=98873"}],"version-history":[{"count":0,"href":"https:\/\/diariodominicano.com\/index.php?rest_route=\/wp\/v2\/posts\/98873\/revisions"}],"wp:attachment":[{"href":"https:\/\/diariodominicano.com\/index.php?rest_route=%2Fwp%2Fv2%2Fmedia&parent=98873"}],"wp:term":[{"taxonomy":"category","embeddable":true,"href":"https:\/\/diariodominicano.com\/index.php?rest_route=%2Fwp%2Fv2%2Fcategories&post=98873"},{"taxonomy":"post_tag","embeddable":true,"href":"https:\/\/diariodominicano.com\/index.php?rest_route=%2Fwp%2Fv2%2Ftags&post=98873"}],"curies":[{"name":"wp","href":"https:\/\/api.w.org\/{rel}","templated":true}]}}