{"id":98872,"date":"2013-11-10T17:02:55","date_gmt":"2013-11-10T17:02:55","guid":{"rendered":"http:\/\/diariodominicano.ddns.net\/?p=98872"},"modified":"2013-11-10T17:02:55","modified_gmt":"2013-11-10T17:02:55","slug":"arroceros-de-barraquito-tendran-su-factoria","status":"publish","type":"post","link":"https:\/\/diariodominicano.com\/?p=98872","title":{"rendered":"Arroceros de Barraquito tendr\u00e1n su factor\u00eda"},"content":{"rendered":"<p><body><\/p>\n<p><img decoding=\"async\" src=\"img3\/danilo.jpg\" \/><br \/><img decoding=\"async\" src=\"img3\/DaniloenBarraquito101113.jpg\" \/><br \/><img decoding=\"async\" src=\"img3\/Danilo1002.jpg\" \/>  <\/p>\n<p><span class=\"text1noticias\">BARRAQUITO, Villa Riva, provincia Duarte, RD, 10 de Noviembre (DICOM).-El presidente Danilo Medina aprob\u00f3 este domingo un financiamiento de 20 millones de pesos en favor de la Federaci\u00f3n Agraria La Faly para que restauren una factor\u00eda de arroz.<\/span><\/p>\n<p><span class=\"text1noticias\"> <\/span><\/p>\n<p><span class=\"text1noticias\">Medina, quien en medio de la sesi\u00f3n de trabajo recibi\u00f3 las felicitaciones de los campesinos con motivo de su 62 cumplea\u00f1os, advirti\u00f3 a los beneficiarios que deben pagar el dinero que se les facilitar\u00e1 en pr\u00e9stamo.<\/span><\/p>\n<p><span class=\"text1noticias\"> <\/span><\/p>\n<p><span class=\"text1noticias\">Recibi\u00f3 las explicaciones de las necesidades de la federaci\u00f3n arrocera de parte de su presidente, Paulino Carela. El informe fue avalado por un estudio previo que hab\u00eda hecho el Fondo Especial para el Desarrollo Agropecuario (FEDA).<\/span><\/p>\n<p><span class=\"text1noticias\"> <\/span><\/p>\n<p><span class=\"text1noticias\">Los recursos provendr\u00e1n del FEDA, que crear\u00e1 una comisi\u00f3n t\u00e9cnica para el manejo del dinero y darle una mejor supervisi\u00f3n a la inversi\u00f3n. Los comisionados visitar\u00e1n el lugar el pr\u00f3ximo mi\u00e9rcoles a las 10:00 de la ma\u00f1ana.<\/span><\/p>\n<p><span class=\"text1noticias\"> <\/span><\/p>\n<p><span class=\"text1noticias\">Los 20 millones aprobados ser\u00e1n a una tasa de cinco por ciento anual (0.41 por ciento) mensual con un a\u00f1o de gracia. Originalmente, los labriegos de Barraquito hab\u00edan solicitado un financiamiento de 25 millones de pesos para restaurar su factor\u00eda de arroz.<\/span><\/p>\n<p><span class=\"text1noticias\"> <\/span><\/p>\n<p><span class=\"text1noticias\">El presidente explic\u00f3 que si la restauraci\u00f3n de la factor\u00eda de arroz de Barraquito requiere m\u00e1s dinero, el financiamiento ser\u00e1 incrementado. El mandatario estuvo acompa\u00f1ado, entre otros, de los ministros Jos\u00e9 Ram\u00f3n Peralta, Administrativo de la Presidencia; Sim\u00f3n Lizardo, de Hacienda, del director del FEDA, Antonio L\u00f3pez, y del administrador del Banco Agr\u00edcola, \u00c1ngel Est\u00e9vez.<\/span><\/p>\n<\/p>\n<p><span class=\"text1noticias\"> <\/span><\/p>\n<p><span class=\"text1noticias\"><strong>Soy el presidente de todos los dominicanos<\/strong><\/span><\/p>\n<\/p>\n<p><span class=\"text1noticias\">Tras anunciar la aprobaci\u00f3n, el jefe del Estado afirm\u00f3 que los financiamientos que aprueba en favor de productores campesinos no van dirigidos a un sector pol\u00edtico en particular, pues se hacen sin mirar colores partidarios.<\/span><\/p>\n<p><span class=\"text1noticias\"> <\/span><\/p>\n<p><span class=\"text1noticias\">Dijo que una vez que se es Presidente,  es para todos los dominicanos, sin preferencia de partido u otra organizaci\u00f3n pol\u00edtica.<\/span><\/p>\n<p><span class=\"text1noticias\"> <\/span><\/p>\n<p><span class=\"text1noticias\">\u00abMi compromiso es con todos y todas las dominicanas, especialmente con los m\u00e1s pobres. Nosotros queremos apoyar proyectos colectivos donde se beneficie la mayor cantidad posible de gente. A eso fue que vinimos hoy. Estos trabajos no tienen que ver con colores pol\u00edticos, esto es para todo el mundo\u00bb, proclam\u00f3.<\/span><\/p>\n<p><span class=\"text1noticias\"> <\/span><\/p>\n<p><span class=\"text1noticias\">Medina manifest\u00f3 que su accionar como presidente de la Rep\u00fablica es en cumplimiento del deber y la palabra empe\u00f1ada en la campa\u00f1a electoral.<\/span><\/p>\n<p><span class=\"text1noticias\"> <\/span><\/p>\n<p><span class=\"text1noticias\">Indic\u00f3 que su inter\u00e9s es que el dinero que se aprob\u00f3 este domingo en favor de los campesinos de la Federaci\u00f3n Agraria La Faly se maneje de manera correcta y por eso ser\u00e1n asesorados por un equipo t\u00e9cnico que losayudar\u00e1 a darle buen uso a los recursos.<\/span><\/p>\n<p><span class=\"text1noticias\"> <\/span><\/p>\n<p><span class=\"text1noticias\">\u00abQueremos que ese dinero se maneje de manera correcta y que los acuerdos que hagamos aqu\u00ed, ustedes los cumplan. No es dinero regalado. Es un dinero que se entrega en condiciones blandas, en condiciones f\u00e1ciles, para que lo puedan devolver\u00bb, agreg\u00f3.<\/span><\/p>\n<p><span class=\"text1noticias\"> <\/span><\/p>\n<p><span class=\"text1noticias\">El presidente de la Rep\u00fablica agreg\u00f3 que \u00abcomo hemos resuelto el problema del Bajo Yuna, y muchas tierras que no les llegaba el agua, ahora tendr\u00e1n agua. Queremos que tengan ingresos suficientes para que puedan mejorar sus condiciones de vida\u00bb.<\/span><\/p>\n<p><span class=\"text1noticias\"> <\/span><\/p>\n<p><span class=\"text1noticias\">Medina se refiri\u00f3 a la visita que hizo en enero al Bajo Yuna, donde dispuso el dragado de veinte kil\u00f3metros de ese r\u00edo para solucionar definitivamente el problema de las inundaciones que hist\u00f3ricamente han afectado unas 146 mil tareas aptas para la siembra de arroz.<\/span><\/p>\n<p><span class=\"text1noticias\"> <\/span><\/p>\n<p><span class=\"text1noticias\">En la ocasi\u00f3n, el gobernante se reuni\u00f3 con los parceleros y miembros de la junta de regantes de Lim\u00f3n del Yuna y Aglipo II, con quienes analiz\u00f3 la problem\u00e1tica y las soluciones definitivas que ya fueron aplicadas por el gobierno.<\/span><\/p>\n<p><span class=\"text1noticias\"> <\/span><\/p>\n<p><span class=\"text1noticias\">Estos trabajos han permitido que muchos campesinos que no ten\u00edan acceso al agua, ahora puedan disfrutar del l\u00edquido y que millares de tareas sembradas ya no se inunden.<\/span><\/p>\n<p><span class=\"text1noticias\"> <\/span><\/p>\n<p><span class=\"text1noticias\">Medina dijo que como el problema del agua est\u00e1 resuelto, tiene el deseo de que los labriegos mejoren sus condiciones de vida con una mayor productividad mediante mecanismos efectivos.<\/span><\/p>\n<\/p>\n<p><span class=\"text1noticias\">http:\/\/gob.us7.list-manage2.com\/track\/click?u=785107b820a3beec908c29082&amp;id=bed78fc7c0&amp;e=5a09e35649El jefe del Estado proclam\u00f3 que como gobernante no aceptar\u00e1 que no se tomen acciones para que los productores tengan un mejor nivel de vida, \u00aby si el instrumento que tienen para tener m\u00e1s ingresos es la factor\u00eda, entonces nosotros queremos devolverles su factor\u00eda\u00bb.<\/span><\/p>\n<p><span class=\"text1noticias\"> <\/span><\/p>\n<p><span class=\"text1noticias\">Medina reiter\u00f3 su frase que ha convertido en una proclama de que \u00abno sirve de nada vivir en una jaula de oro con el est\u00f3mago vac\u00edo&#8230;lo primero que tenemos que hacer es crear las condiciones para que haya producci\u00f3n\u00bb.<\/span><\/p>\n<p><span class=\"text1noticias\"> <\/span><\/p>\n<p><span class=\"text1noticias\">Al finalizar la reuni\u00f3n de trabajo con los miembros de la Federaci\u00f3n Agraria La Faly, el presidente de la Rep\u00fablica comparti\u00f3 con los lugare\u00f1os, quienes le presentaron varios proyectos y solicitudes que ser\u00e1n analizadas por la Presidencia de la Rep\u00fablica.<\/span><\/p>\n<p><span class=\"text1noticias\"> <\/span><\/p>\n<p><span class=\"text1noticias\">En su despedida, el gobernante anunci\u00f3 la donaci\u00f3n de un autob\u00fas para el transporte de los estudiantes del distrito municipal perteneciente al municipio Villa Riva, de la Provincia Duarte, la reparaci\u00f3n de las escuelas del lugar que lo ameriten, la pr\u00f3xima visita del director del Inapa para estudiar la solicitud de un acueducto y estudiar con el ministerio de Obras P\u00fablicas la reparaci\u00f3n y\/o reconstrucci\u00f3n de las carreteras de acceso y salida del poblado.<\/span><\/p>\n<\/p>\n<\/p>\n<\/p>\n<\/p>\n<\/p>\n<h6> 2013-11-10 17:02:55 <\/h6>\n<p><!--\n<link rel=\"stylesheet\" href=\"css\/bootstrap.min.css\">\n\n\n<ul class=\"pagination\">\n\t    \n\t\n\n<li >\n\t<a href='?page_no=14386'>Previous<\/a>\n\t<\/li>\n\n\n       \n    \n\n<li><a href='?page_no=1'>1<\/a><\/li>\n\n\n\n<li><a href='?page_no=2'>2<\/a><\/li>\n\n\n\n<li><a>...<\/a><\/li>\n\n\n\n<li><a href='?page_no=14385'>14385<\/a><\/li>\n\n\n\n<li><a href='?page_no=14386'>14386<\/a><\/li>\n\n\n\n<li class='active'><a>14387<\/a><\/li>\n\n\n\n<li><a href='?page_no=14388'>14388<\/a><\/li>\n\n\n\n<li><a href='?page_no=14389'>14389<\/a><\/li>\n\n\n\n<li><a>...<\/a><\/li>\n\n\n\n<li><a href='?page_no=30472'>30472<\/a><\/li>\n\n\n\n<li><a href='?page_no=30473'>30473<\/a><\/li>\n\n    \n\t\n\n<li >\n\t<a href='?page_no=14388'>Next<\/a>\n\t<\/li>\n\n\n    \n\n<li><a href='?page_no=30473'>Last &rsaquo;&rsaquo;<\/a><\/li>\n\n<\/ul>\n\n\n--><br \/>\n<\/body><\/p>\n","protected":false},"excerpt":{"rendered":"<p>BARRAQUITO, Villa Riva, provincia Duarte, RD, 10 de Noviembre (DICOM).-El presidente Danilo Medina aprob\u00f3 este domingo un financiamiento de 20 millones de pesos en favor de la Federaci\u00f3n Agraria La Faly para que restauren una factor\u00eda de arroz. Medina, quien en medio de la sesi\u00f3n de trabajo recibi\u00f3 las felicitaciones de los campesinos con motivo [&hellip;]<\/p>\n","protected":false},"author":3,"featured_media":0,"comment_status":"open","ping_status":"open","sticky":false,"template":"","format":"standard","meta":{"footnotes":""},"categories":[18],"tags":[],"class_list":["post-98872","post","type-post","status-publish","format-standard","hentry","category-economia"],"_links":{"self":[{"href":"https:\/\/diariodominicano.com\/index.php?rest_route=\/wp\/v2\/posts\/98872","targetHints":{"allow":["GET"]}}],"collection":[{"href":"https:\/\/diariodominicano.com\/index.php?rest_route=\/wp\/v2\/posts"}],"about":[{"href":"https:\/\/diariodominicano.com\/index.php?rest_route=\/wp\/v2\/types\/post"}],"author":[{"embeddable":true,"href":"https:\/\/diariodominicano.com\/index.php?rest_route=\/wp\/v2\/users\/3"}],"replies":[{"embeddable":true,"href":"https:\/\/diariodominicano.com\/index.php?rest_route=%2Fwp%2Fv2%2Fcomments&post=98872"}],"version-history":[{"count":0,"href":"https:\/\/diariodominicano.com\/index.php?rest_route=\/wp\/v2\/posts\/98872\/revisions"}],"wp:attachment":[{"href":"https:\/\/diariodominicano.com\/index.php?rest_route=%2Fwp%2Fv2%2Fmedia&parent=98872"}],"wp:term":[{"taxonomy":"category","embeddable":true,"href":"https:\/\/diariodominicano.com\/index.php?rest_route=%2Fwp%2Fv2%2Fcategories&post=98872"},{"taxonomy":"post_tag","embeddable":true,"href":"https:\/\/diariodominicano.com\/index.php?rest_route=%2Fwp%2Fv2%2Ftags&post=98872"}],"curies":[{"name":"wp","href":"https:\/\/api.w.org\/{rel}","templated":true}]}}