{"id":98871,"date":"2013-11-10T19:09:37","date_gmt":"2013-11-10T19:09:37","guid":{"rendered":"http:\/\/diariodominicano.ddns.net\/?p=98871"},"modified":"2013-11-10T19:09:37","modified_gmt":"2013-11-10T19:09:37","slug":"temistocles-montas-afirma-el-comercio-es-el-segundo-gran-empleador-en-dominicana","status":"publish","type":"post","link":"https:\/\/diariodominicano.com\/?p=98871","title":{"rendered":"Tem\u00edstocles Mont\u00e1s afirma el comercio es el segundo gran empleador en Dominicana"},"content":{"rendered":"<p><body><\/p>\n<p><img decoding=\"async\" src=\"img3\/temo 10.jpg\" \/>  <\/p>\n<p>Santo Domingo RD 10 noviembre.- El sector comercio es el segundo gran empleador en Rep\u00fablica Dominicana con 861,146 personas, pero adem\u00e1s los colmados manejan el term\u00f3metro de la sociedad y miden permanentemente los signos de la econom\u00eda popular, afirm\u00f3 este domingo el Ministro de Econom\u00eda, Planificaci\u00f3n y Desarrollo.<\/p>\n<\/p>\n<p>El ingeniero Tem\u00edstocles Mont\u00e1s se expres\u00f3 en estos t\u00e9rminos al dictar una conferencia en ocasi\u00f3n de la celebraci\u00f3n del 24 aniversario de la Federaci\u00f3n Dominicana de Detallistas de Provisiones (Fedopro), acto que reuni\u00f3 a decenas de sus miembros en uno de los salones del hotel Barcel\u00f3 Lina, en esta capital<\/p>\n<\/p>\n<p>\u00abEl comercio es el segundo empleador de la Rep\u00fablica Dominicana. Este sector emple\u00f3 861,146 personas, siendo el segundo gran empleador de nuestro pa\u00eds. Pero de ese total, el 72 por ciento fue aportado por establecimientos que ten\u00edan entre uno y cuatro empleados. Hablamos de colmado\u00bb, revel\u00f3 el ministro.<\/p>\n<\/p>\n<p>Destac\u00f3 que los colmaderos, y ventorrilleros son mayor\u00eda aplastante en el sector de la microempresa en el pa\u00eds, y aunque hay colmadones que por la bulla practican un anti servicio, en la mayor\u00eda de los casos estos detallistas realizan una gran labor social.<\/p>\n<\/p>\n<p>Explic\u00f3 que el gran auge de los colmados en los \u00faltimos lustros se debe al proceso de urbanizaci\u00f3n que experimenta la sociedad dominicana, de acuerdo a una nota de la Unidad de Comunicaciones del Ministerio de Econom\u00eda.<\/p>\n<\/p>\n<p>\u00abAproximadamente uno de cada cuatro microempresario dominicano ha logrado ser, o aspira a ser, due\u00f1o de un colmado. Es el tipo de negocios que los emprendedores aspira a instalar\u00bb, expres\u00f3 Mont\u00e1s.<\/p>\n<\/p>\n<p>El ministro afirm\u00f3 que para un grueso muy importante de la poblaci\u00f3n dominicana la vida ser\u00eda muy dif\u00edcil sin el colmado, incluso hasta para los que van a supermercados.<\/p>\n<\/p>\n<p>Durante la ceremonia, el presidente de Fedopro, Agust\u00edn Pe\u00f1al\u00f3 Ortiz, demand\u00f3 un aumento de salario para el sector p\u00fablico porque la inflaci\u00f3n ha incrementado el costo de la canasta familiar.<\/p>\n<\/p>\n<p>Adem\u00e1s, solicit\u00f3 una pr\u00f3rroga de seis meses para que los comerciantes puedan ponerse al d\u00eda con las impresoras fiscales que les exige la Direcci\u00f3n General de Impuestos Internos.<\/p>\n<\/p>\n<p>Pe\u00f1al\u00f3 conf\u00eda en que el comercio se reactivar\u00e1 m\u00e1s en estos d\u00edas en ocasi\u00f3n de la celebraci\u00f3n de las fiestas navide\u00f1as, per\u00edodo en el que tradicionalmente aumenta el flujo de circulante.<\/p>\n<\/p>\n<p>Durante el aniversario de Fedopro su directiva reconoci\u00f3 con distinciones a los se\u00f1ores Jos\u00e9 Ventura y Miguel \u00c1ngel Ventura. En la actividad estuvo presente, adem\u00e1s, el director del Instituto Nacional de Estabilizaci\u00f3n de Precios, Jorge Zorrilla Ozuna, entre otros.<\/p>\n<h6> 2013-11-10 19:09:37 <\/h6>\n<p><!--\n<link rel=\"stylesheet\" href=\"css\/bootstrap.min.css\">\n\n\n<ul class=\"pagination\">\n\t    \n\t\n\n<li >\n\t<a href='?page_no=14385'>Previous<\/a>\n\t<\/li>\n\n\n       \n    \n\n<li><a href='?page_no=1'>1<\/a><\/li>\n\n\n\n<li><a href='?page_no=2'>2<\/a><\/li>\n\n\n\n<li><a>...<\/a><\/li>\n\n\n\n<li><a href='?page_no=14384'>14384<\/a><\/li>\n\n\n\n<li><a href='?page_no=14385'>14385<\/a><\/li>\n\n\n\n<li class='active'><a>14386<\/a><\/li>\n\n\n\n<li><a href='?page_no=14387'>14387<\/a><\/li>\n\n\n\n<li><a href='?page_no=14388'>14388<\/a><\/li>\n\n\n\n<li><a>...<\/a><\/li>\n\n\n\n<li><a href='?page_no=30472'>30472<\/a><\/li>\n\n\n\n<li><a href='?page_no=30473'>30473<\/a><\/li>\n\n    \n\t\n\n<li >\n\t<a href='?page_no=14387'>Next<\/a>\n\t<\/li>\n\n\n    \n\n<li><a href='?page_no=30473'>Last &rsaquo;&rsaquo;<\/a><\/li>\n\n<\/ul>\n\n\n--><br \/>\n<\/body><\/p>\n","protected":false},"excerpt":{"rendered":"<p>Santo Domingo RD 10 noviembre.- El sector comercio es el segundo gran empleador en Rep\u00fablica Dominicana con 861,146 personas, pero adem\u00e1s los colmados manejan el term\u00f3metro de la sociedad y miden permanentemente los signos de la econom\u00eda popular, afirm\u00f3 este domingo el Ministro de Econom\u00eda, Planificaci\u00f3n y Desarrollo. El ingeniero Tem\u00edstocles Mont\u00e1s se expres\u00f3 en [&hellip;]<\/p>\n","protected":false},"author":3,"featured_media":0,"comment_status":"open","ping_status":"open","sticky":false,"template":"","format":"standard","meta":{"footnotes":""},"categories":[18],"tags":[],"class_list":["post-98871","post","type-post","status-publish","format-standard","hentry","category-economia"],"_links":{"self":[{"href":"https:\/\/diariodominicano.com\/index.php?rest_route=\/wp\/v2\/posts\/98871","targetHints":{"allow":["GET"]}}],"collection":[{"href":"https:\/\/diariodominicano.com\/index.php?rest_route=\/wp\/v2\/posts"}],"about":[{"href":"https:\/\/diariodominicano.com\/index.php?rest_route=\/wp\/v2\/types\/post"}],"author":[{"embeddable":true,"href":"https:\/\/diariodominicano.com\/index.php?rest_route=\/wp\/v2\/users\/3"}],"replies":[{"embeddable":true,"href":"https:\/\/diariodominicano.com\/index.php?rest_route=%2Fwp%2Fv2%2Fcomments&post=98871"}],"version-history":[{"count":0,"href":"https:\/\/diariodominicano.com\/index.php?rest_route=\/wp\/v2\/posts\/98871\/revisions"}],"wp:attachment":[{"href":"https:\/\/diariodominicano.com\/index.php?rest_route=%2Fwp%2Fv2%2Fmedia&parent=98871"}],"wp:term":[{"taxonomy":"category","embeddable":true,"href":"https:\/\/diariodominicano.com\/index.php?rest_route=%2Fwp%2Fv2%2Fcategories&post=98871"},{"taxonomy":"post_tag","embeddable":true,"href":"https:\/\/diariodominicano.com\/index.php?rest_route=%2Fwp%2Fv2%2Ftags&post=98871"}],"curies":[{"name":"wp","href":"https:\/\/api.w.org\/{rel}","templated":true}]}}