{"id":98868,"date":"2013-11-11T13:02:05","date_gmt":"2013-11-11T13:02:05","guid":{"rendered":"http:\/\/diariodominicano.ddns.net\/?p=98868"},"modified":"2013-11-11T13:02:05","modified_gmt":"2013-11-11T13:02:05","slug":"direccion-de-aduanas-adelanta-facilidad-navidena-a-dominicanos-ausentes","status":"publish","type":"post","link":"https:\/\/diariodominicano.com\/?p=98868","title":{"rendered":"Direcci\u00f3n de Aduanas adelanta facilidad navide\u00f1a a dominicanos ausentes"},"content":{"rendered":"<p><body><\/p>\n<p><img decoding=\"async\" src=\"img3\/aduanas 11.php.html\" \/>  <\/p>\n<p>Nueva York 11 noviembre.- La Direcci\u00f3n General de Aduanas (DGA) adelant\u00f3 una semana la liberaci\u00f3n del pago de impuestos de importaci\u00f3n a los art\u00edculos que los dominicanos residentes en el exterior lleven a la Rep\u00fablica Dominicana.<\/p>\n<\/p>\n<p>Fernando Fern\u00e1ndez, director de la instituci\u00f3n, dijo que el periodo de gracia para que los dominicanos puedan enviar art\u00edculos y regalos a sus familiares en la Rep\u00fablica Dominicana empezar\u00e1 el 23 de noviembre.<\/p>\n<\/p>\n<p>Los art\u00edculos y regalos tambi\u00e9n pueden ser enviados a trav\u00e9s de empresas embarcadoras y de env\u00edos pero deben ser retirados de Aduanas por los viajeros a su llegada al pa\u00eds.<\/p>\n<\/p>\n<p>Fern\u00e1ndez habl\u00f3 en un encuentro con empresarios, comunitarios y periodistas en el consulado de la Rep\u00fablica Dominicana en esta ciudad.<\/p>\n<h6> 2013-11-11 13:02:05 <\/h6>\n<p><!--\n<link rel=\"stylesheet\" href=\"css\/bootstrap.min.css\">\n\n\n<ul class=\"pagination\">\n\t    \n\t\n\n<li >\n\t<a href='?page_no=14382'>Previous<\/a>\n\t<\/li>\n\n\n       \n    \n\n<li><a href='?page_no=1'>1<\/a><\/li>\n\n\n\n<li><a href='?page_no=2'>2<\/a><\/li>\n\n\n\n<li><a>...<\/a><\/li>\n\n\n\n<li><a href='?page_no=14381'>14381<\/a><\/li>\n\n\n\n<li><a href='?page_no=14382'>14382<\/a><\/li>\n\n\n\n<li class='active'><a>14383<\/a><\/li>\n\n\n\n<li><a href='?page_no=14384'>14384<\/a><\/li>\n\n\n\n<li><a href='?page_no=14385'>14385<\/a><\/li>\n\n\n\n<li><a>...<\/a><\/li>\n\n\n\n<li><a href='?page_no=30472'>30472<\/a><\/li>\n\n\n\n<li><a href='?page_no=30473'>30473<\/a><\/li>\n\n    \n\t\n\n<li >\n\t<a href='?page_no=14384'>Next<\/a>\n\t<\/li>\n\n\n    \n\n<li><a href='?page_no=30473'>Last &rsaquo;&rsaquo;<\/a><\/li>\n\n<\/ul>\n\n\n--><br \/>\n<\/body><\/p>\n","protected":false},"excerpt":{"rendered":"<p>Nueva York 11 noviembre.- La Direcci\u00f3n General de Aduanas (DGA) adelant\u00f3 una semana la liberaci\u00f3n del pago de impuestos de importaci\u00f3n a los art\u00edculos que los dominicanos residentes en el exterior lleven a la Rep\u00fablica Dominicana. Fernando Fern\u00e1ndez, director de la instituci\u00f3n, dijo que el periodo de gracia para que los dominicanos puedan enviar art\u00edculos [&hellip;]<\/p>\n","protected":false},"author":3,"featured_media":0,"comment_status":"open","ping_status":"open","sticky":false,"template":"","format":"standard","meta":{"footnotes":""},"categories":[18],"tags":[],"class_list":["post-98868","post","type-post","status-publish","format-standard","hentry","category-economia"],"_links":{"self":[{"href":"https:\/\/diariodominicano.com\/index.php?rest_route=\/wp\/v2\/posts\/98868","targetHints":{"allow":["GET"]}}],"collection":[{"href":"https:\/\/diariodominicano.com\/index.php?rest_route=\/wp\/v2\/posts"}],"about":[{"href":"https:\/\/diariodominicano.com\/index.php?rest_route=\/wp\/v2\/types\/post"}],"author":[{"embeddable":true,"href":"https:\/\/diariodominicano.com\/index.php?rest_route=\/wp\/v2\/users\/3"}],"replies":[{"embeddable":true,"href":"https:\/\/diariodominicano.com\/index.php?rest_route=%2Fwp%2Fv2%2Fcomments&post=98868"}],"version-history":[{"count":0,"href":"https:\/\/diariodominicano.com\/index.php?rest_route=\/wp\/v2\/posts\/98868\/revisions"}],"wp:attachment":[{"href":"https:\/\/diariodominicano.com\/index.php?rest_route=%2Fwp%2Fv2%2Fmedia&parent=98868"}],"wp:term":[{"taxonomy":"category","embeddable":true,"href":"https:\/\/diariodominicano.com\/index.php?rest_route=%2Fwp%2Fv2%2Fcategories&post=98868"},{"taxonomy":"post_tag","embeddable":true,"href":"https:\/\/diariodominicano.com\/index.php?rest_route=%2Fwp%2Fv2%2Ftags&post=98868"}],"curies":[{"name":"wp","href":"https:\/\/api.w.org\/{rel}","templated":true}]}}