{"id":98867,"date":"2013-11-11T13:26:14","date_gmt":"2013-11-11T13:26:14","guid":{"rendered":"http:\/\/diariodominicano.ddns.net\/?p=98867"},"modified":"2013-11-11T13:26:14","modified_gmt":"2013-11-11T13:26:14","slug":"republica-dominicana-se-interesa-por-el-turismo-y-la-agroindustria-espanola","status":"publish","type":"post","link":"https:\/\/diariodominicano.com\/?p=98867","title":{"rendered":"Rep\u00fablica Dominicana se interesa por el turismo y la agroindustria espa\u00f1ola"},"content":{"rendered":"<p><body><\/p>\n<p><img decoding=\"async\" src=\"img3\/embajador 11.jpg\" \/>  <\/p>\n<p>Valencia (Espa\u00f1a), 11 noviembre.- La Rep\u00fablica Dominicana ofrece a los inversores espa\u00f1oles la posibilidad de operar en su pa\u00eds \u00ablibre de impuestos\u00bb, y se interesa por sectores como el turismo, la agroindustria y la manufactura, como el textil y el calzado.<\/p>\n<\/p>\n<p>As\u00ed lo manifest\u00f3 a EFE hoy el embajador de Rep\u00fablica Dominicana en Espa\u00f1a, C\u00e9sar Medina Abreu, quien asegur\u00f3 que las condiciones pol\u00edticas del pa\u00eds, y las econ\u00f3micas, con un crecimiento previsto para este a\u00f1o del 4 %, \u00abse prestan para acoger al mayor n\u00famero de inversores de Espa\u00f1a\u00bb.<\/p>\n<\/p>\n<p>Medina Abreu particip\u00f3 en una jornada dirigida a empresarios sobre las oportunidades de negocio que ofrece la Rep\u00fablica Dominicana, organizada en Valencia (en el este de Espa\u00f1a).<\/p>\n<\/p>\n<p>Las empresas que se instalen en este pa\u00eds, se\u00f1al\u00f3 el embajador, \u00abtienen todas las posibilidades de operar libre de impuestos\u00bb, adem\u00e1s de su apertura al mercado de EE.UU., Centroam\u00e9rica y el resto del Caribe, gracias a los acuerdos de libre comercio que mantiene con estos pa\u00edses.<\/p>\n<\/p>\n<p>Una empresa que decida instalarse en el pa\u00eds, afirm\u00f3, podr\u00e1 acogerse al esquema de \u00abzona franca\u00bb, es decir, de zona libre de pago de impuestos, y record\u00f3 que hay una ley de est\u00edmulo industrial que tambi\u00e9n acoge los capitales que lleguen del exterior.<\/p>\n<\/p>\n<p>Respecto a los sectores con mayores oportunidades en el pa\u00eds, cit\u00f3 el turismo, donde ya hay una inversi\u00f3n extraordinaria de Espa\u00f1a, pero tambi\u00e9n la agroindustria y otras \u00e1reas de producci\u00f3n en t\u00e9rminos de manufactura, como el calzado o la industria alimentaria.<\/p>\n<\/p>\n<p>En cuanto a la situaci\u00f3n econ\u00f3mica del pa\u00eds caribe\u00f1o, explic\u00f3 que en los \u00faltimos quince a\u00f1os ha mantenido un crecimiento sostenido del 8 %, y que para este a\u00f1o se prev\u00e9 que sea del 4 %, \u00abaceptable dentro de la situaci\u00f3n general\u00bb. EFE<\/p>\n<\/p>\n<h6> 2013-11-11 13:26:14 <\/h6>\n<p><!--\n<link rel=\"stylesheet\" href=\"css\/bootstrap.min.css\">\n\n\n<ul class=\"pagination\">\n\t    \n\t\n\n<li >\n\t<a href='?page_no=14381'>Previous<\/a>\n\t<\/li>\n\n\n       \n    \n\n<li><a href='?page_no=1'>1<\/a><\/li>\n\n\n\n<li><a href='?page_no=2'>2<\/a><\/li>\n\n\n\n<li><a>...<\/a><\/li>\n\n\n\n<li><a href='?page_no=14380'>14380<\/a><\/li>\n\n\n\n<li><a href='?page_no=14381'>14381<\/a><\/li>\n\n\n\n<li class='active'><a>14382<\/a><\/li>\n\n\n\n<li><a href='?page_no=14383'>14383<\/a><\/li>\n\n\n\n<li><a href='?page_no=14384'>14384<\/a><\/li>\n\n\n\n<li><a>...<\/a><\/li>\n\n\n\n<li><a href='?page_no=30472'>30472<\/a><\/li>\n\n\n\n<li><a href='?page_no=30473'>30473<\/a><\/li>\n\n    \n\t\n\n<li >\n\t<a href='?page_no=14383'>Next<\/a>\n\t<\/li>\n\n\n    \n\n<li><a href='?page_no=30473'>Last &rsaquo;&rsaquo;<\/a><\/li>\n\n<\/ul>\n\n\n--><br \/>\n<\/body><\/p>\n","protected":false},"excerpt":{"rendered":"<p>Valencia (Espa\u00f1a), 11 noviembre.- La Rep\u00fablica Dominicana ofrece a los inversores espa\u00f1oles la posibilidad de operar en su pa\u00eds \u00ablibre de impuestos\u00bb, y se interesa por sectores como el turismo, la agroindustria y la manufactura, como el textil y el calzado. As\u00ed lo manifest\u00f3 a EFE hoy el embajador de Rep\u00fablica Dominicana en Espa\u00f1a, C\u00e9sar [&hellip;]<\/p>\n","protected":false},"author":3,"featured_media":0,"comment_status":"open","ping_status":"open","sticky":false,"template":"","format":"standard","meta":{"footnotes":""},"categories":[18],"tags":[],"class_list":["post-98867","post","type-post","status-publish","format-standard","hentry","category-economia"],"_links":{"self":[{"href":"https:\/\/diariodominicano.com\/index.php?rest_route=\/wp\/v2\/posts\/98867","targetHints":{"allow":["GET"]}}],"collection":[{"href":"https:\/\/diariodominicano.com\/index.php?rest_route=\/wp\/v2\/posts"}],"about":[{"href":"https:\/\/diariodominicano.com\/index.php?rest_route=\/wp\/v2\/types\/post"}],"author":[{"embeddable":true,"href":"https:\/\/diariodominicano.com\/index.php?rest_route=\/wp\/v2\/users\/3"}],"replies":[{"embeddable":true,"href":"https:\/\/diariodominicano.com\/index.php?rest_route=%2Fwp%2Fv2%2Fcomments&post=98867"}],"version-history":[{"count":0,"href":"https:\/\/diariodominicano.com\/index.php?rest_route=\/wp\/v2\/posts\/98867\/revisions"}],"wp:attachment":[{"href":"https:\/\/diariodominicano.com\/index.php?rest_route=%2Fwp%2Fv2%2Fmedia&parent=98867"}],"wp:term":[{"taxonomy":"category","embeddable":true,"href":"https:\/\/diariodominicano.com\/index.php?rest_route=%2Fwp%2Fv2%2Fcategories&post=98867"},{"taxonomy":"post_tag","embeddable":true,"href":"https:\/\/diariodominicano.com\/index.php?rest_route=%2Fwp%2Fv2%2Ftags&post=98867"}],"curies":[{"name":"wp","href":"https:\/\/api.w.org\/{rel}","templated":true}]}}