{"id":98866,"date":"2013-11-11T13:49:07","date_gmt":"2013-11-11T13:49:07","guid":{"rendered":"http:\/\/diariodominicano.ddns.net\/?p=98866"},"modified":"2013-11-11T13:49:07","modified_gmt":"2013-11-11T13:49:07","slug":"banco-mundial-muestra-interes-en-proyecto-habitacional-de-la-barquita","status":"publish","type":"post","link":"https:\/\/diariodominicano.com\/?p=98866","title":{"rendered":"&#13;&#13;Banco Mundial muestra inter\u00e9s en proyecto habitacional de La Barquita"},"content":{"rendered":"<p><body><\/p>\n<p><img decoding=\"async\" src=\"img3\/mundial 11.jpg\" \/>  <\/p>\n<p>Santo Domingo RD 11 noviembre.- Representantes del Banco Mundial (BM) visitaron este domingo el sector La Barquita, en Santo Domingo Este, para conocer sobre el proyecto de readecuaci\u00f3n que lleva a cabo el Gobierno, en el que estiman beneficiar\u00eda a unas mil 200 familias.<\/p>\n<\/p>\n<p>Acompa\u00f1ados del presidente de la comisi\u00f3n del proyecto, Jos\u00e9 Miguel Gonz\u00e1lez Cuadra, m\u00e1s de 30 miembros del organismo, recorrieron las zonas cercanas a la orilla del rio Ozama, que incluye los sectores Las Latas, Los Reguindao, La Lechuga y La Barquita, que por a\u00f1os han sufrido las consecuencias de los fen\u00f3menos naturales que afectan al pa\u00eds durante la temporada de lluvia.<\/p>\n<\/p>\n<p>Gonz\u00e1lez Cuadra explic\u00f3 que la junta de directores del Banco Mundial pidi\u00f3 conocer el proyecto y ver de qu\u00e9 forma puede contribuir a la ejecuci\u00f3n del mismo.<\/p>\n<\/p>\n<p>\u00abTienen un gran inter\u00e9s sobre este tipo de proyecto que se realiza en el pa\u00eds\u00bb, dijo Cuadra, quien adem\u00e1s asegur\u00f3 que ya se est\u00e1 trabajando en la preparaci\u00f3n del terreno, movimientos de tierra y que a principio del mes de diciembre el presidente Danilo Medina estar\u00eda dando el primer picazo. \u00abEn cierta forma la construcci\u00f3n comenz\u00f3, la obra ya ha iniciado\u00bb, sostuvo.<\/p>\n<\/p>\n<p>Precis\u00f3 adem\u00e1s que el  proyecto ser\u00e1 dividido en varias fases, y que la primera es trasladar a las personas que est\u00e1n en zonas m\u00e1s vulnerables, como en Los Reguindao, La Lata, La Barquita y La Lechuga, cuyo proceso consider\u00f3 iniciar\u00e1 el pr\u00f3ximo  a\u00f1o.<\/p>\n<\/p>\n<p>Expres\u00f3 que todav\u00eda no puede hablar del presupuesto completo de la obra, porque abarca, adem\u00e1s, la construcci\u00f3n de un parque en la zona de La Barquita; \u00e1reas deportivas, un polit\u00e9cnico, un colegio y un sistema de transporte en el acu\u00edfero, que beneficiar\u00e1 a todos los moradores de Los Mina.<\/p>\n<\/p>\n<p>Gonz\u00e1lez Cuadra se\u00f1al\u00f3 que los terrenos (500 mil metros) donde ser\u00e1n trasladados los moradores de La Barquita, est\u00e1n ubicados a 500 metros, al otro lado de la orilla del r\u00edo, en la zona conocida como Monte Rey y La Javilla.<\/p>\n<\/p>\n<p>Al t\u00e9rmino del recorrido, los representantes del BM y el presidente de la Comisi\u00f3n para la Readecuaci\u00f3n de La Barquita, se reunieron con los dirigentes comunitarios de la zona, explic\u00e1ndoles los avances del proyecto.<\/p>\n<\/p>\n<p>Al respecto, los moradores dijeron sentirse esperanzados en que ya no continuar\u00e1n padeciendo la misma situaci\u00f3n  que durante a\u00f1os no los deja vivir tranquilos y que conf\u00edan en que el mandatario cumpla la promesa que les hizo al momento de su visita al lugar.<\/p>\n<h6> 2013-11-11 13:49:07 <\/h6>\n<p><!--\n<link rel=\"stylesheet\" href=\"css\/bootstrap.min.css\">\n\n\n<ul class=\"pagination\">\n\t    \n\t\n\n<li >\n\t<a href='?page_no=14380'>Previous<\/a>\n\t<\/li>\n\n\n       \n    \n\n<li><a href='?page_no=1'>1<\/a><\/li>\n\n\n\n<li><a href='?page_no=2'>2<\/a><\/li>\n\n\n\n<li><a>...<\/a><\/li>\n\n\n\n<li><a href='?page_no=14379'>14379<\/a><\/li>\n\n\n\n<li><a href='?page_no=14380'>14380<\/a><\/li>\n\n\n\n<li class='active'><a>14381<\/a><\/li>\n\n\n\n<li><a href='?page_no=14382'>14382<\/a><\/li>\n\n\n\n<li><a href='?page_no=14383'>14383<\/a><\/li>\n\n\n\n<li><a>...<\/a><\/li>\n\n\n\n<li><a href='?page_no=30472'>30472<\/a><\/li>\n\n\n\n<li><a href='?page_no=30473'>30473<\/a><\/li>\n\n    \n\t\n\n<li >\n\t<a href='?page_no=14382'>Next<\/a>\n\t<\/li>\n\n\n    \n\n<li><a href='?page_no=30473'>Last &rsaquo;&rsaquo;<\/a><\/li>\n\n<\/ul>\n\n\n--><br \/>\n<\/body><\/p>\n","protected":false},"excerpt":{"rendered":"<p>Santo Domingo RD 11 noviembre.- Representantes del Banco Mundial (BM) visitaron este domingo el sector La Barquita, en Santo Domingo Este, para conocer sobre el proyecto de readecuaci\u00f3n que lleva a cabo el Gobierno, en el que estiman beneficiar\u00eda a unas mil 200 familias. Acompa\u00f1ados del presidente de la comisi\u00f3n del proyecto, Jos\u00e9 Miguel Gonz\u00e1lez [&hellip;]<\/p>\n","protected":false},"author":3,"featured_media":0,"comment_status":"open","ping_status":"open","sticky":false,"template":"","format":"standard","meta":{"footnotes":""},"categories":[18],"tags":[],"class_list":["post-98866","post","type-post","status-publish","format-standard","hentry","category-economia"],"_links":{"self":[{"href":"https:\/\/diariodominicano.com\/index.php?rest_route=\/wp\/v2\/posts\/98866","targetHints":{"allow":["GET"]}}],"collection":[{"href":"https:\/\/diariodominicano.com\/index.php?rest_route=\/wp\/v2\/posts"}],"about":[{"href":"https:\/\/diariodominicano.com\/index.php?rest_route=\/wp\/v2\/types\/post"}],"author":[{"embeddable":true,"href":"https:\/\/diariodominicano.com\/index.php?rest_route=\/wp\/v2\/users\/3"}],"replies":[{"embeddable":true,"href":"https:\/\/diariodominicano.com\/index.php?rest_route=%2Fwp%2Fv2%2Fcomments&post=98866"}],"version-history":[{"count":0,"href":"https:\/\/diariodominicano.com\/index.php?rest_route=\/wp\/v2\/posts\/98866\/revisions"}],"wp:attachment":[{"href":"https:\/\/diariodominicano.com\/index.php?rest_route=%2Fwp%2Fv2%2Fmedia&parent=98866"}],"wp:term":[{"taxonomy":"category","embeddable":true,"href":"https:\/\/diariodominicano.com\/index.php?rest_route=%2Fwp%2Fv2%2Fcategories&post=98866"},{"taxonomy":"post_tag","embeddable":true,"href":"https:\/\/diariodominicano.com\/index.php?rest_route=%2Fwp%2Fv2%2Ftags&post=98866"}],"curies":[{"name":"wp","href":"https:\/\/api.w.org\/{rel}","templated":true}]}}