{"id":98865,"date":"2013-11-11T15:48:27","date_gmt":"2013-11-11T15:48:27","guid":{"rendered":"http:\/\/diariodominicano.ddns.net\/?p=98865"},"modified":"2013-11-11T15:48:27","modified_gmt":"2013-11-11T15:48:27","slug":"presidente-danilo-medina-ordena-pagar-el-bono-navideno-a-partir-del-6-de-diciembre","status":"publish","type":"post","link":"https:\/\/diariodominicano.com\/?p=98865","title":{"rendered":"Presidente Danilo Medina ordena pagar el bono navide\u00f1o a partir del 6 de diciembre"},"content":{"rendered":"<p><body><\/p>\n<p><img decoding=\"async\" src=\"img3\/regalia 11.jpeg\" \/><br \/><img decoding=\"async\" src=\"img3\/DaniloYSimon111113.jpg\" \/>  <\/p>\n<p><span class=\"text1noticias\">SANTO DOMINGO, DN,  RD 11 noviembre.- El presidente de la Rep\u00fablica, Danilo Medina, orden\u00f3 este lunes el pago del bono navide\u00f1o a favor de los servidores p\u00fablicos y pensionados del Estado, a partir del pr\u00f3ximo 6 de diciembre.<\/span><\/p>\n<\/p>\n<p><span class=\"text1noticias\">La medida envuelve un monto aproximado a los nueve mil 500 millones de pesos, seg\u00fan inform\u00f3 el licenciado Sim\u00f3n Lizardo M\u00e9zquita, ministro de Hacienda, instituci\u00f3n que el presidente Medina visit\u00f3 a primera hora de la ma\u00f1ana y, desde all\u00ed, imparti\u00f3 las instrucciones relacionadas con la entrega de la regal\u00eda pascual.<\/span><\/p>\n<\/p>\n<p><span class=\"text1noticias\">El Mandatario particip\u00f3 en la reuni\u00f3n ordinaria que celebran cada lunes los funcionarios que coordinan la pol\u00edtica de ingresos y gastos y financiamiento de la administraci\u00f3n p\u00fablica, bajo la direcci\u00f3n del ministro Lizardo M\u00e9zquita.<\/span><\/p>\n<\/p>\n<p><span class=\"text1noticias\">El presidente Medina lleg\u00f3 a la reuni\u00f3n acompa\u00f1ado del ministro Administrativo de la Presidencia, licenciado Jos\u00e9 Ram\u00f3n Peralta, y de Carlos Pared P\u00e9rez, su asistente personal.<\/span><\/p>\n<\/p>\n<p><span class=\"text1noticias\">En la reuni\u00f3n, presidida por el ministro de Hacienda, licenciado Sim\u00f3n Lizardo M\u00e9zquita, estuvieron tambi\u00e9n el director de la Direcci\u00f3n General de Impuestos Internos (DGII), Guarocuya F\u00e9lix y el Tesorero Nacional, Alberto Perdomo.<\/span><\/p>\n<\/p>\n<p><span class=\"text1noticias\">Asimismo, los viceministros del Tesoro y de Pol\u00edtica Fiscal, Rafael G\u00f3mez y Luis N\u00fa\u00f1ez; el viceministro Administrativo de Hacienda, Frank F\u00e9liz y el director de Pol\u00edtica Fiscal del Ministerio de Hacienda, Mart\u00edn Zapata.<\/span><\/p>\n<\/p>\n<p><span class=\"text1noticias\">El presidente Medina lleg\u00f3 al Ministerio de Hacienda cerca de las 9:00 de esta ma\u00f1ana y, de inmediato, se integr\u00f3 a la reuni\u00f3n, la cual concluy\u00f3 a las 10:20.  De ah\u00ed se traslad\u00f3 al Palacio Nacional, donde inici\u00f3 las actividades propias de cargo.<\/span><\/p>\n<\/p>\n<\/p>\n<h6> 2013-11-11 15:48:27 <\/h6>\n<p><!--\n<link rel=\"stylesheet\" href=\"css\/bootstrap.min.css\">\n\n\n<ul class=\"pagination\">\n\t    \n\t\n\n<li >\n\t<a href='?page_no=14379'>Previous<\/a>\n\t<\/li>\n\n\n       \n    \n\n<li><a href='?page_no=1'>1<\/a><\/li>\n\n\n\n<li><a href='?page_no=2'>2<\/a><\/li>\n\n\n\n<li><a>...<\/a><\/li>\n\n\n\n<li><a href='?page_no=14378'>14378<\/a><\/li>\n\n\n\n<li><a href='?page_no=14379'>14379<\/a><\/li>\n\n\n\n<li class='active'><a>14380<\/a><\/li>\n\n\n\n<li><a href='?page_no=14381'>14381<\/a><\/li>\n\n\n\n<li><a href='?page_no=14382'>14382<\/a><\/li>\n\n\n\n<li><a>...<\/a><\/li>\n\n\n\n<li><a href='?page_no=30472'>30472<\/a><\/li>\n\n\n\n<li><a href='?page_no=30473'>30473<\/a><\/li>\n\n    \n\t\n\n<li >\n\t<a href='?page_no=14381'>Next<\/a>\n\t<\/li>\n\n\n    \n\n<li><a href='?page_no=30473'>Last &rsaquo;&rsaquo;<\/a><\/li>\n\n<\/ul>\n\n\n--><br \/>\n<\/body><\/p>\n","protected":false},"excerpt":{"rendered":"<p>SANTO DOMINGO, DN, RD 11 noviembre.- El presidente de la Rep\u00fablica, Danilo Medina, orden\u00f3 este lunes el pago del bono navide\u00f1o a favor de los servidores p\u00fablicos y pensionados del Estado, a partir del pr\u00f3ximo 6 de diciembre. La medida envuelve un monto aproximado a los nueve mil 500 millones de pesos, seg\u00fan inform\u00f3 el [&hellip;]<\/p>\n","protected":false},"author":3,"featured_media":0,"comment_status":"open","ping_status":"open","sticky":false,"template":"","format":"standard","meta":{"footnotes":""},"categories":[18],"tags":[],"class_list":["post-98865","post","type-post","status-publish","format-standard","hentry","category-economia"],"_links":{"self":[{"href":"https:\/\/diariodominicano.com\/index.php?rest_route=\/wp\/v2\/posts\/98865","targetHints":{"allow":["GET"]}}],"collection":[{"href":"https:\/\/diariodominicano.com\/index.php?rest_route=\/wp\/v2\/posts"}],"about":[{"href":"https:\/\/diariodominicano.com\/index.php?rest_route=\/wp\/v2\/types\/post"}],"author":[{"embeddable":true,"href":"https:\/\/diariodominicano.com\/index.php?rest_route=\/wp\/v2\/users\/3"}],"replies":[{"embeddable":true,"href":"https:\/\/diariodominicano.com\/index.php?rest_route=%2Fwp%2Fv2%2Fcomments&post=98865"}],"version-history":[{"count":0,"href":"https:\/\/diariodominicano.com\/index.php?rest_route=\/wp\/v2\/posts\/98865\/revisions"}],"wp:attachment":[{"href":"https:\/\/diariodominicano.com\/index.php?rest_route=%2Fwp%2Fv2%2Fmedia&parent=98865"}],"wp:term":[{"taxonomy":"category","embeddable":true,"href":"https:\/\/diariodominicano.com\/index.php?rest_route=%2Fwp%2Fv2%2Fcategories&post=98865"},{"taxonomy":"post_tag","embeddable":true,"href":"https:\/\/diariodominicano.com\/index.php?rest_route=%2Fwp%2Fv2%2Ftags&post=98865"}],"curies":[{"name":"wp","href":"https:\/\/api.w.org\/{rel}","templated":true}]}}