{"id":98861,"date":"2013-11-11T20:24:16","date_gmt":"2013-11-11T20:24:16","guid":{"rendered":"http:\/\/diariodominicano.ddns.net\/?p=98861"},"modified":"2013-11-11T20:24:16","modified_gmt":"2013-11-11T20:24:16","slug":"banco-mundial-definira-estrategias-para-mayor-cooperacion-en-rd","status":"publish","type":"post","link":"https:\/\/diariodominicano.com\/?p=98861","title":{"rendered":"Banco Mundial definir\u00e1 estrategias para mayor cooperaci\u00f3n en RD"},"content":{"rendered":"<p><body><\/p>\n<p><img decoding=\"async\" src=\"img3\/mundial.jpg\" \/>  <\/p>\n<p><span class=\"text1noticias\">Santo Domingo, RD, 11 de Noviembre.-El presidente Danilo Medina recibi\u00f3 a miembros del Directorio Ejecutivo del Banco Mundial que visitan el pa\u00eds con la misi\u00f3n de definir una estrategia de intervenci\u00f3n que responda a las necesidades de Rep\u00fablica Dominicana.<\/span><\/p>\n<p><span class=\"text1noticias\"> <\/span><\/p>\n<p><span class=\"text1noticias\">Durante el encuentro, el Presidente Medina comparti\u00f3 su visi\u00f3n y los retos de desarrollo que \u00e9l y su Gabinete est\u00e1n enfrentando en \u00e1reas como la energ\u00eda, la educaci\u00f3n, la pobreza e inequidad social, la agricultura y la competitividad, entre otros.<\/span><\/p>\n<p><span class=\"text1noticias\"> <\/span><\/p>\n<p><span class=\"text1noticias\">Denny H. Kalyalya, de Zambia, explic\u00f3 que con la visita el grupo de directores busca tener una impresi\u00f3n de primera mano de los retos, desaf\u00edos y oportunidades que enfrentan los pa\u00edses miembros del Banco Mundial.<\/span><\/p>\n<p><span class=\"text1noticias\"> <\/span><\/p>\n<p><span class=\"text1noticias\">Los resultados del levantamiento permitir\u00e1n definir estrategias para un mayor involucramiento del Banco y una mayor cooperaci\u00f3n entre el Grupo del Banco Mundial y la Rep\u00fablica Dominicana, en lo que defini\u00f3 como una nueva etapa en las relaciones entre el organismo y el pa\u00eds, asegur\u00f3 Kalyalya.<\/span><\/p>\n<p><span class=\"text1noticias\"> <\/span><\/p>\n<p><span class=\"text1noticias\">El funcionario del organismo internacional ofreci\u00f3 las informaciones en rueda de prensa dada en el Sal\u00f3n Orlando Mart\u00ednez del Palacio Nacional, luego de la reuni\u00f3n con el presidente Danilo Medina.<\/span><\/p>\n<p><span class=\"text1noticias\"> <\/span><\/p>\n<p><span class=\"text1noticias\">Record\u00f3 que en abril de este a\u00f1o el Banco Mundial adopt\u00f3 como nuevas metas la reducci\u00f3n de la pobreza extrema en un 3% para el a\u00f1o 2030 y la reducci\u00f3n de la desigualdad a trav\u00e9s del crecimiento del Producto Interno Bruto per c\u00e1pita del 40% de la poblaci\u00f3n m\u00e1s pobre en cada pa\u00eds.<\/span><\/p>\n<p><span class=\"text1noticias\"> <\/span><\/p>\n<p><span class=\"text1noticias\">En la reuni\u00f3n con el presidente Danilo Medina tambi\u00e9n participaron los miembros del Directorio del Banco Mundial Sundan Annamalai, de Malaysia; C\u00e9sar Guido Forcieri, Argentina; Vadim Nikolayevich Grishin, Rusia; Gwendolen Luchy Nines, Inglaterra; Agapito Mendes Dias, de Sao Tome y Principe; Juan Roberto Tan, Filipinas; Michael Thomas Willcock, de Australia; Wieslaw Leonard Szczuka, de Polonia; Giedre Balcytyte, Lituania; y Samir M. Suleymanov, Azervaiy\u00e1n.<\/span><\/p>\n<p><span class=\"text1noticias\"> <\/span><\/p>\n<p><span class=\"text1noticias\">De igual modo, Benjam\u00edn McDonald, representante del Banco Mundial; Jun Zhang y Ary Naim, gerente del Caribe y representante de la Corporaci\u00f3n Financiera Internacional (IFC), respectivamente; as\u00ed como Rose Marie Barger y Jaime \u00c1lvarez.<\/span><\/p>\n<p><span class=\"text1noticias\"> <\/span><\/p>\n<p><span class=\"text1noticias\">El Jefe de Estado dominicano estuvo acompa\u00f1ado por el ministro de la Presidencia, Gustavo Montalvo.<\/span><\/p>\n<p><span class=\"text1noticias\"> <\/span><\/p>\n<p><span class=\"text1noticias\">Como parte de su agenda en Rep\u00fablica Dominicana, el grupo de Directores del Banco Mundial visit\u00f3 algunos de los proyectos que el Banco apoya y se reuni\u00f3 con diversas autoridades y representantes del sector privado.<\/span><\/p>\n<p><span class=\"text1noticias\"> <\/span><\/p>\n<p><span class=\"text1noticias\">Denny H. Kalyalya explic\u00f3 que un grupo del Directorio Ejecutivo del Banco Mundial realiza este tipo de visitas tres veces al a\u00f1o con pa\u00edses seleccionados. La \u00faltima vez que la Rep\u00fablica Dominicana fue visitada fue en 2002.<\/span><\/p>\n<p><span class=\"text1noticias\"> <\/span><\/p>\n<p><span class=\"text1noticias\">El Grupo del Banco Mundial tiene cuatro Juntas de Directores Ejecutivos que representan a las cuatro instituciones del Grupo del Banco Mundial: el Banco Internacional de Reconstrucci\u00f3n y Fomento (BIRF); LA Agencia Internacional de fomento (AIF); la Corporaci\u00f3n financiera Internacional (IFC) y el Organismo Multilateral de Garant\u00eda de Inversiones (OMGI).(HG)<\/span>.<\/p>\n<\/p>\n<h6> 2013-11-11 20:24:16 <\/h6>\n<p><!--\n<link rel=\"stylesheet\" href=\"css\/bootstrap.min.css\">\n\n\n<ul class=\"pagination\">\n\t    \n\t\n\n<li >\n\t<a href='?page_no=14376'>Previous<\/a>\n\t<\/li>\n\n\n       \n    \n\n<li><a href='?page_no=1'>1<\/a><\/li>\n\n\n\n<li><a href='?page_no=2'>2<\/a><\/li>\n\n\n\n<li><a>...<\/a><\/li>\n\n\n\n<li><a href='?page_no=14375'>14375<\/a><\/li>\n\n\n\n<li><a href='?page_no=14376'>14376<\/a><\/li>\n\n\n\n<li class='active'><a>14377<\/a><\/li>\n\n\n\n<li><a href='?page_no=14378'>14378<\/a><\/li>\n\n\n\n<li><a href='?page_no=14379'>14379<\/a><\/li>\n\n\n\n<li><a>...<\/a><\/li>\n\n\n\n<li><a href='?page_no=30472'>30472<\/a><\/li>\n\n\n\n<li><a href='?page_no=30473'>30473<\/a><\/li>\n\n    \n\t\n\n<li >\n\t<a href='?page_no=14378'>Next<\/a>\n\t<\/li>\n\n\n    \n\n<li><a href='?page_no=30473'>Last &rsaquo;&rsaquo;<\/a><\/li>\n\n<\/ul>\n\n\n--><br \/>\n<\/body><\/p>\n","protected":false},"excerpt":{"rendered":"<p>Santo Domingo, RD, 11 de Noviembre.-El presidente Danilo Medina recibi\u00f3 a miembros del Directorio Ejecutivo del Banco Mundial que visitan el pa\u00eds con la misi\u00f3n de definir una estrategia de intervenci\u00f3n que responda a las necesidades de Rep\u00fablica Dominicana. Durante el encuentro, el Presidente Medina comparti\u00f3 su visi\u00f3n y los retos de desarrollo que \u00e9l [&hellip;]<\/p>\n","protected":false},"author":3,"featured_media":0,"comment_status":"open","ping_status":"open","sticky":false,"template":"","format":"standard","meta":{"footnotes":""},"categories":[18],"tags":[],"class_list":["post-98861","post","type-post","status-publish","format-standard","hentry","category-economia"],"_links":{"self":[{"href":"https:\/\/diariodominicano.com\/index.php?rest_route=\/wp\/v2\/posts\/98861","targetHints":{"allow":["GET"]}}],"collection":[{"href":"https:\/\/diariodominicano.com\/index.php?rest_route=\/wp\/v2\/posts"}],"about":[{"href":"https:\/\/diariodominicano.com\/index.php?rest_route=\/wp\/v2\/types\/post"}],"author":[{"embeddable":true,"href":"https:\/\/diariodominicano.com\/index.php?rest_route=\/wp\/v2\/users\/3"}],"replies":[{"embeddable":true,"href":"https:\/\/diariodominicano.com\/index.php?rest_route=%2Fwp%2Fv2%2Fcomments&post=98861"}],"version-history":[{"count":0,"href":"https:\/\/diariodominicano.com\/index.php?rest_route=\/wp\/v2\/posts\/98861\/revisions"}],"wp:attachment":[{"href":"https:\/\/diariodominicano.com\/index.php?rest_route=%2Fwp%2Fv2%2Fmedia&parent=98861"}],"wp:term":[{"taxonomy":"category","embeddable":true,"href":"https:\/\/diariodominicano.com\/index.php?rest_route=%2Fwp%2Fv2%2Fcategories&post=98861"},{"taxonomy":"post_tag","embeddable":true,"href":"https:\/\/diariodominicano.com\/index.php?rest_route=%2Fwp%2Fv2%2Ftags&post=98861"}],"curies":[{"name":"wp","href":"https:\/\/api.w.org\/{rel}","templated":true}]}}