{"id":98858,"date":"2013-11-12T03:41:57","date_gmt":"2013-11-12T03:41:57","guid":{"rendered":"http:\/\/diariodominicano.ddns.net\/?p=98858"},"modified":"2013-11-12T03:41:57","modified_gmt":"2013-11-12T03:41:57","slug":"relanzaran-el-parque-industrial-de-la-costa-norte","status":"publish","type":"post","link":"https:\/\/diariodominicano.com\/?p=98858","title":{"rendered":"Relanzar\u00e1n el parque industrial de la costa norte"},"content":{"rendered":"<p><body><\/p>\n<p><img decoding=\"async\" src=\"img3\/paulino000.jpg\" \/><br \/><img decoding=\"async\" src=\"img3\/deinfotep00.jpg\" \/>  <\/p>\n<\/p>\n<p><span class=\"text1noticias\">Por: Juan Jos\u00e9 Morrobel Sandoval.<\/span><\/p>\n<p><span class=\"text1noticias\"> <\/span><\/p>\n<p><span class=\"text1noticias\">PUERTO PLATA, RD, 11 de Noviembre.- El Consejo Directivo de la Corporaci\u00f3n Zona Franca Industrial, aprob\u00f3 un proyecto de relanzamiento del parque industrial de la costa norte. Para el pr\u00f3ximo a\u00f1o ha firmado contratos  con empresas  para inicial sus operaciones a principios de 2014.<\/span><\/p>\n<\/p>\n<p><span class=\"text1noticias\">Entre las perticipantes est\u00e1 la empresa Caruso que  ha iniciado sus operaciones en el parque, inform\u00f3 el presidente del Consejo Directivo, Lewinsky Luciano, en la entrega de certificados de 456 t\u00e9cnicos egresados de Infotep, el pasado jueves 7 de noviembre.<\/span><\/p>\n<p><span class=\"text1noticias\"> <\/span><\/p>\n<p><span class=\"text1noticias\"> Luciano dijo que en el parque industrial de Puerto Plata  se fabrican ropas de marcas mundiales como Express Gap y Old Navy, entre otras, se elaboran bultos, maletines, carteras y maletas de las mejores marcas de Estados Unidos.<\/span><\/p>\n<\/p>\n<p><span class=\"text1noticias\">Tambi\u00e9n  se confeccionan uniformes para los principales equipos deportivos, se fabrican estuches para lentes de marca mundial como Ray Ban, Okley, as\u00ed como lentes deportivos.<\/span><\/p>\n<\/p>\n<p><span class=\"text1noticias\">El  ingeniero Luciano habl\u00f3 ante los cientos de j\u00f3venes j\u00f3venes que  recibieron sus certificados de t\u00e9cnicos y diplomado por el Infotep, el pasado viernes 8 de noviembre.<\/span><\/p>\n<\/p>\n<\/p>\n<h6> 2013-11-12 03:41:57 <\/h6>\n<p><!--\n<link rel=\"stylesheet\" href=\"css\/bootstrap.min.css\">\n\n\n<ul class=\"pagination\">\n\t    \n\t\n\n<li >\n\t<a href='?page_no=14373'>Previous<\/a>\n\t<\/li>\n\n\n       \n    \n\n<li><a href='?page_no=1'>1<\/a><\/li>\n\n\n\n<li><a href='?page_no=2'>2<\/a><\/li>\n\n\n\n<li><a>...<\/a><\/li>\n\n\n\n<li><a href='?page_no=14372'>14372<\/a><\/li>\n\n\n\n<li><a href='?page_no=14373'>14373<\/a><\/li>\n\n\n\n<li class='active'><a>14374<\/a><\/li>\n\n\n\n<li><a href='?page_no=14375'>14375<\/a><\/li>\n\n\n\n<li><a href='?page_no=14376'>14376<\/a><\/li>\n\n\n\n<li><a>...<\/a><\/li>\n\n\n\n<li><a href='?page_no=30472'>30472<\/a><\/li>\n\n\n\n<li><a href='?page_no=30473'>30473<\/a><\/li>\n\n    \n\t\n\n<li >\n\t<a href='?page_no=14375'>Next<\/a>\n\t<\/li>\n\n\n    \n\n<li><a href='?page_no=30473'>Last &rsaquo;&rsaquo;<\/a><\/li>\n\n<\/ul>\n\n\n--><br \/>\n<\/body><\/p>\n","protected":false},"excerpt":{"rendered":"<p>Por: Juan Jos\u00e9 Morrobel Sandoval. PUERTO PLATA, RD, 11 de Noviembre.- El Consejo Directivo de la Corporaci\u00f3n Zona Franca Industrial, aprob\u00f3 un proyecto de relanzamiento del parque industrial de la costa norte. Para el pr\u00f3ximo a\u00f1o ha firmado contratos con empresas para inicial sus operaciones a principios de 2014. Entre las perticipantes est\u00e1 la empresa [&hellip;]<\/p>\n","protected":false},"author":3,"featured_media":0,"comment_status":"open","ping_status":"open","sticky":false,"template":"","format":"standard","meta":{"footnotes":""},"categories":[18],"tags":[],"class_list":["post-98858","post","type-post","status-publish","format-standard","hentry","category-economia"],"_links":{"self":[{"href":"https:\/\/diariodominicano.com\/index.php?rest_route=\/wp\/v2\/posts\/98858","targetHints":{"allow":["GET"]}}],"collection":[{"href":"https:\/\/diariodominicano.com\/index.php?rest_route=\/wp\/v2\/posts"}],"about":[{"href":"https:\/\/diariodominicano.com\/index.php?rest_route=\/wp\/v2\/types\/post"}],"author":[{"embeddable":true,"href":"https:\/\/diariodominicano.com\/index.php?rest_route=\/wp\/v2\/users\/3"}],"replies":[{"embeddable":true,"href":"https:\/\/diariodominicano.com\/index.php?rest_route=%2Fwp%2Fv2%2Fcomments&post=98858"}],"version-history":[{"count":0,"href":"https:\/\/diariodominicano.com\/index.php?rest_route=\/wp\/v2\/posts\/98858\/revisions"}],"wp:attachment":[{"href":"https:\/\/diariodominicano.com\/index.php?rest_route=%2Fwp%2Fv2%2Fmedia&parent=98858"}],"wp:term":[{"taxonomy":"category","embeddable":true,"href":"https:\/\/diariodominicano.com\/index.php?rest_route=%2Fwp%2Fv2%2Fcategories&post=98858"},{"taxonomy":"post_tag","embeddable":true,"href":"https:\/\/diariodominicano.com\/index.php?rest_route=%2Fwp%2Fv2%2Ftags&post=98858"}],"curies":[{"name":"wp","href":"https:\/\/api.w.org\/{rel}","templated":true}]}}