{"id":98857,"date":"2013-11-12T04:29:07","date_gmt":"2013-11-12T04:29:07","guid":{"rendered":"http:\/\/diariodominicano.ddns.net\/?p=98857"},"modified":"2013-11-12T04:29:07","modified_gmt":"2013-11-12T04:29:07","slug":"informan-empresarios-israelies-quieren-invertir-150-millones-de-dolares-en-republica-dominicana","status":"publish","type":"post","link":"https:\/\/diariodominicano.com\/?p=98857","title":{"rendered":"Informan empresarios israel\u00edes quieren invertir 150 millones de d\u00f3lares en Rep\u00fablica Dominicana"},"content":{"rendered":"<p><body><\/p>\n<p><img decoding=\"async\" src=\"img3\/Israel02000.jpg\" \/><br \/><img decoding=\"async\" src=\"img3\/israel0003.jpg\" \/><br \/><img decoding=\"async\" src=\"img3\/Danilo con Israel111113.jpg\" \/>  <\/p>\n<p><span class=\"text1noticias\">SANTO DOMINGO, DN, RD, 11 de Noviembre.- Un grupo de empresarios de Israel fue recibido por el presidente Danilo Medina en su despacho del Palacio Nacional, a quien le expresaron su inter\u00e9s de invertir en Rep\u00fablica Dominicana  150 millones de d\u00f3lares.<\/span><\/p>\n<\/p>\n<p><span class=\"text1noticias\">Los inversionistas del Grupo Mitrelli explicaron que tienen en carpeta ejecutar en las comunidades de Arroyo Cano y Bohechio, en la provincia San Juan, un programa de desarrollo integral que abarcar\u00e1 una inversi\u00f3n inicial de 50 millones de d\u00f3lares.<\/span><\/p>\n<\/p>\n<p><span class=\"text1noticias\">Al t\u00e9rmino del encuentro, el Ordenador Nacional de los Fondos Europeos para el Desarrollo, Antonio Vargas, quien acompa\u00f1\u00f3 la comitiva de empresarios, manifest\u00f3 que con el  programa se transformar\u00e1 la realidad socio econ\u00f3mica de ambas comunidades.<\/span><\/p>\n<\/p>\n<p><span class=\"text1noticias\">Indic\u00f3 que el proyecto abarca la construcci\u00f3n de una escuela de educaci\u00f3n agropecuaria, un centro de transferencia tecnol\u00f3gica, as\u00ed como el apoyo en varios aspectos a unas 200 familias.<\/span><\/p>\n<\/p>\n<p><span class=\"text1noticias\">Explic\u00f3 que el segundo plan que el Grupo Mitrelli pretende llevar a cabo en la Rep\u00fablica Dominicana es un programa para el control y regularizaci\u00f3n de la crecida del Lago Enriquillo, cuya inversi\u00f3n ser\u00eda de 100 millones de d\u00f3lares.<\/span><\/p>\n<\/p>\n<p><span class=\"text1noticias\">Vargas se\u00f1al\u00f3 que los ejecutivos del grupo de capital israel\u00ed han realizado los estudios pertinentes relativos a la crecida del Lago Enriquillo, y el impacto que est\u00e1 teniendo en las comunidades cercanas.<\/span><\/p>\n<\/p>\n<p><span class=\"text1noticias\">De su lado, el embajador de Israel en el pa\u00eds, Bahij Mansour, quien estuvo presente en la audiencia, destac\u00f3 que en el encuentro con el mandatario conversaron sobre la cooperaci\u00f3n que existe entre las dos naciones.<\/span><\/p>\n<\/p>\n<p><span class=\"text1noticias\">Mientras, Haim Taib, presidente del Grupo Mitrelli, explic\u00f3 que ya tienen dos a\u00f1os trabajando y realizando estudios en el pa\u00eds, al tiempo de destacar el clima de inversi\u00f3n favorable que opera en la Rep\u00fablica Dominicana.<\/span><\/p>\n<\/p>\n<\/p>\n<h6> 2013-11-12 04:29:07 <\/h6>\n<p><!--\n<link rel=\"stylesheet\" href=\"css\/bootstrap.min.css\">\n\n\n<ul class=\"pagination\">\n\t    \n\t\n\n<li >\n\t<a href='?page_no=14372'>Previous<\/a>\n\t<\/li>\n\n\n       \n    \n\n<li><a href='?page_no=1'>1<\/a><\/li>\n\n\n\n<li><a href='?page_no=2'>2<\/a><\/li>\n\n\n\n<li><a>...<\/a><\/li>\n\n\n\n<li><a href='?page_no=14371'>14371<\/a><\/li>\n\n\n\n<li><a href='?page_no=14372'>14372<\/a><\/li>\n\n\n\n<li class='active'><a>14373<\/a><\/li>\n\n\n\n<li><a href='?page_no=14374'>14374<\/a><\/li>\n\n\n\n<li><a href='?page_no=14375'>14375<\/a><\/li>\n\n\n\n<li><a>...<\/a><\/li>\n\n\n\n<li><a href='?page_no=30472'>30472<\/a><\/li>\n\n\n\n<li><a href='?page_no=30473'>30473<\/a><\/li>\n\n    \n\t\n\n<li >\n\t<a href='?page_no=14374'>Next<\/a>\n\t<\/li>\n\n\n    \n\n<li><a href='?page_no=30473'>Last &rsaquo;&rsaquo;<\/a><\/li>\n\n<\/ul>\n\n\n--><br \/>\n<\/body><\/p>\n","protected":false},"excerpt":{"rendered":"<p>SANTO DOMINGO, DN, RD, 11 de Noviembre.- Un grupo de empresarios de Israel fue recibido por el presidente Danilo Medina en su despacho del Palacio Nacional, a quien le expresaron su inter\u00e9s de invertir en Rep\u00fablica Dominicana 150 millones de d\u00f3lares. Los inversionistas del Grupo Mitrelli explicaron que tienen en carpeta ejecutar en las comunidades [&hellip;]<\/p>\n","protected":false},"author":3,"featured_media":0,"comment_status":"open","ping_status":"open","sticky":false,"template":"","format":"standard","meta":{"footnotes":""},"categories":[18],"tags":[],"class_list":["post-98857","post","type-post","status-publish","format-standard","hentry","category-economia"],"_links":{"self":[{"href":"https:\/\/diariodominicano.com\/index.php?rest_route=\/wp\/v2\/posts\/98857","targetHints":{"allow":["GET"]}}],"collection":[{"href":"https:\/\/diariodominicano.com\/index.php?rest_route=\/wp\/v2\/posts"}],"about":[{"href":"https:\/\/diariodominicano.com\/index.php?rest_route=\/wp\/v2\/types\/post"}],"author":[{"embeddable":true,"href":"https:\/\/diariodominicano.com\/index.php?rest_route=\/wp\/v2\/users\/3"}],"replies":[{"embeddable":true,"href":"https:\/\/diariodominicano.com\/index.php?rest_route=%2Fwp%2Fv2%2Fcomments&post=98857"}],"version-history":[{"count":0,"href":"https:\/\/diariodominicano.com\/index.php?rest_route=\/wp\/v2\/posts\/98857\/revisions"}],"wp:attachment":[{"href":"https:\/\/diariodominicano.com\/index.php?rest_route=%2Fwp%2Fv2%2Fmedia&parent=98857"}],"wp:term":[{"taxonomy":"category","embeddable":true,"href":"https:\/\/diariodominicano.com\/index.php?rest_route=%2Fwp%2Fv2%2Fcategories&post=98857"},{"taxonomy":"post_tag","embeddable":true,"href":"https:\/\/diariodominicano.com\/index.php?rest_route=%2Fwp%2Fv2%2Ftags&post=98857"}],"curies":[{"name":"wp","href":"https:\/\/api.w.org\/{rel}","templated":true}]}}