{"id":98855,"date":"2013-11-12T18:36:35","date_gmt":"2013-11-12T18:36:35","guid":{"rendered":"http:\/\/diariodominicano.ddns.net\/?p=98855"},"modified":"2013-11-12T18:36:35","modified_gmt":"2013-11-12T18:36:35","slug":"ministro-de-economia-y-el-directorio-del-banco-mundial-pasan-revista-a-financiacion-de-proyectos","status":"publish","type":"post","link":"https:\/\/diariodominicano.com\/?p=98855","title":{"rendered":"Ministro de Econom\u00eda y el Directorio del Banco Mundial  pasan revista a financiaci\u00f3n de proyectos"},"content":{"rendered":"<p><body><\/p>\n<p><img decoding=\"async\" src=\"img3\/econo000121113.jpg\" \/><br \/><img decoding=\"async\" src=\"img3\/econo000121113.jpg\" \/>  <\/p>\n<p><span class=\"text1noticias\">SANTO DOMINGO, DN, RD, 11 de Noviembre.- El ministro de Econom\u00eda, Planificaci\u00f3n y Desarrollo, Tem\u00edstocles Mont\u00e1s, y el Directorio Ejecutivo del Banco Mundial, pasaron  revista en un encuentro en el Palacio Nacional a los proyectos financiados a Rep\u00fablica Dominicana  por ese organismo financiero, ascendente en la actualidad a US$274 millones.<\/span><\/p>\n<\/p>\n<p><span class=\"text1noticias\">De este total,  US$133  millones est\u00e1n pendientes de desembolsar, incluyendo algunos proyectos por US$100 millones que deber\u00e1n concluir este 2013, explic\u00f3 en una nota la Unidad de Comunicaciones del Ministerio.  <\/span><\/p>\n<\/p>\n<p><span class=\"text1noticias\">Entre los proyectos actualizados a los comisionados est\u00e1n el de Recuperaci\u00f3n de Emergencia y Gesti\u00f3n de Riesgos y Desastres, vinculado a agua y saneamiento, inform\u00f3 el viceministro de Planificaci\u00f3n Juan Monegro, uno de los  acompa\u00f1antes del Ministro Mont\u00e1s en el encuentro. <\/span><\/p>\n<\/p>\n<p><span class=\"text1noticias\">Adem\u00e1s dos proyectos flexibles en preparaci\u00f3n por US$20 millones que ejecutar\u00e1 el Ministerio de Trabajo y el proyecto regional de interconexi\u00f3n de banda ancha por US$30 millones, que ejecutar\u00e1 el Indotel. <\/span><\/p>\n<\/p>\n<p><span class=\"text1noticias\">Tambi\u00e9n pasaron revista a los proyectos de Reforma en el sector Salud; al de Desarrollo Juvenil, del Ministerio de Trabajo; al de Desarrollo Municipal, y al de Agua y Saneamiento, a cargo ambos del Ministerio de Econom\u00eda.<\/span><\/p>\n<\/p>\n<p><span class=\"text1noticias\">Otros dos proyectos son el de Protecci\u00f3n Social, del Gabinete de Coordinaci\u00f3n de Pol\u00edticas Sociales, y el de Rehabilitaci\u00f3n de Redes, de la CDEEE.<\/span><\/p>\n<\/p>\n<p><span class=\"text1noticias\">En el encuentro, celebrado este lunes en el Sal\u00f3n Verde, despu\u00e9s que los comisionados se reunieron con el presidente Danilo Medina, el ministro Mont\u00e1s refiri\u00f3 la situaci\u00f3n de la cartera de proyectos. Se resaltaron 15 donaciones o proyectos no reembolsables y las cooperaciones t\u00e9cnicas en ejecuci\u00f3n por US$3.8 millones. De esa suma, el  gobierno ejecuta US$1.94 millones. <\/span><\/p>\n<\/p>\n<p><span class=\"text1noticias\">Adem\u00e1s dos proyectos en preparaci\u00f3n vinculado al tema de empleo flexible por US$20 millones, que ser\u00e1 ejecutado por el Ministerio de Trabajo, y  el Proyecto Regional CARCIP, relacionado con la interconexi\u00f3n de banda ancha, que ejecutar\u00e1 el Indotel.<\/span><\/p>\n<\/p>\n<p><span class=\"text1noticias\">Mont\u00e1s estuvo acompa\u00f1ado adem\u00e1s de los ministros de Salud, Freddy Hidalgo, y de Agricultura, Luis Ram\u00f3n Rodr\u00edguez, de un representante del titular de Educaci\u00f3n, Carlos Amarante Baret, y del viceministro de Competitividad del Ministerio, Juan Reyes. <\/span><\/p>\n<\/p>\n<p><span class=\"text1noticias\">Adem\u00e1s de la directora de la Unidad Asesora de An\u00e1lisis Econ\u00f3mico y Social, Magdalena Lizardo; del director de Inversi\u00f3n P\u00fablica, Miguel Hern\u00e1ndez, y de Alejandro Jim\u00e9nez, a cargo del Proyecto de Agua y Saneamiento en Centros Tur\u00edsticos.<\/span><\/p>\n<\/p>\n<p><span class=\"text1noticias\">Los comisionados del Directorio Ejecutivo, del que la Rep\u00fablica Dominicana es miembro, son Agapito Mendes Dias, de Sao Tome y Pr\u00edncipe; C\u00e9sar Guido Forcieri, de Argentina; Denny H. Kalyalya, de Zambia; Giedre Balcytyte, de Lituania, y Gwendolen Lucy Hines, de Reino Unido.<\/span><\/p>\n<\/p>\n<p><span class=\"text1noticias\">Michael Thomas Willcock, de Australia; Roberto B. Tan, de Filipina; Sudaran Annamalai, de Malasia; Vadim Nikolaevich Grishin, de Rusia, y Wieslaw Leonard Szczuka, de Polonia; Jaime \u00c1lvarez, de Rep\u00fablica Dominicana; Rosa Marie Barger, de Estados Unidos, y Samir M. Suleymanov, de Azerbaijan.<\/span><\/p>\n<p><span class=\"text1noticias\">Tambi\u00e9n estuvo McDonald Benjam\u00edn, representante del Banco Mundial en el pa\u00eds,  y Ary Naim, de la Corporaci\u00f3n Financiera Internacional (IFC).<\/span><\/p>\n<\/p>\n<p><span class=\"text1noticias\">En nombre del Directorio, Denny H. Kalyalya, de Zambia, agradeci\u00f3 la oportunidad de conocer de cerca varios aspectos del pa\u00eds.<\/span><\/p>\n<\/p>\n<\/p>\n<\/p>\n<h6> 2013-11-12 18:36:35 <\/h6>\n<p><!--\n<link rel=\"stylesheet\" href=\"css\/bootstrap.min.css\">\n\n\n<ul class=\"pagination\">\n\t    \n\t\n\n<li >\n\t<a href='?page_no=14370'>Previous<\/a>\n\t<\/li>\n\n\n       \n    \n\n<li><a href='?page_no=1'>1<\/a><\/li>\n\n\n\n<li><a href='?page_no=2'>2<\/a><\/li>\n\n\n\n<li><a>...<\/a><\/li>\n\n\n\n<li><a href='?page_no=14369'>14369<\/a><\/li>\n\n\n\n<li><a href='?page_no=14370'>14370<\/a><\/li>\n\n\n\n<li class='active'><a>14371<\/a><\/li>\n\n\n\n<li><a href='?page_no=14372'>14372<\/a><\/li>\n\n\n\n<li><a href='?page_no=14373'>14373<\/a><\/li>\n\n\n\n<li><a>...<\/a><\/li>\n\n\n\n<li><a href='?page_no=30472'>30472<\/a><\/li>\n\n\n\n<li><a href='?page_no=30473'>30473<\/a><\/li>\n\n    \n\t\n\n<li >\n\t<a href='?page_no=14372'>Next<\/a>\n\t<\/li>\n\n\n    \n\n<li><a href='?page_no=30473'>Last &rsaquo;&rsaquo;<\/a><\/li>\n\n<\/ul>\n\n\n--><br \/>\n<\/body><\/p>\n","protected":false},"excerpt":{"rendered":"<p>SANTO DOMINGO, DN, RD, 11 de Noviembre.- El ministro de Econom\u00eda, Planificaci\u00f3n y Desarrollo, Tem\u00edstocles Mont\u00e1s, y el Directorio Ejecutivo del Banco Mundial, pasaron revista en un encuentro en el Palacio Nacional a los proyectos financiados a Rep\u00fablica Dominicana por ese organismo financiero, ascendente en la actualidad a US$274 millones. De este total, US$133 millones [&hellip;]<\/p>\n","protected":false},"author":3,"featured_media":0,"comment_status":"open","ping_status":"open","sticky":false,"template":"","format":"standard","meta":{"footnotes":""},"categories":[18],"tags":[],"class_list":["post-98855","post","type-post","status-publish","format-standard","hentry","category-economia"],"_links":{"self":[{"href":"https:\/\/diariodominicano.com\/index.php?rest_route=\/wp\/v2\/posts\/98855","targetHints":{"allow":["GET"]}}],"collection":[{"href":"https:\/\/diariodominicano.com\/index.php?rest_route=\/wp\/v2\/posts"}],"about":[{"href":"https:\/\/diariodominicano.com\/index.php?rest_route=\/wp\/v2\/types\/post"}],"author":[{"embeddable":true,"href":"https:\/\/diariodominicano.com\/index.php?rest_route=\/wp\/v2\/users\/3"}],"replies":[{"embeddable":true,"href":"https:\/\/diariodominicano.com\/index.php?rest_route=%2Fwp%2Fv2%2Fcomments&post=98855"}],"version-history":[{"count":0,"href":"https:\/\/diariodominicano.com\/index.php?rest_route=\/wp\/v2\/posts\/98855\/revisions"}],"wp:attachment":[{"href":"https:\/\/diariodominicano.com\/index.php?rest_route=%2Fwp%2Fv2%2Fmedia&parent=98855"}],"wp:term":[{"taxonomy":"category","embeddable":true,"href":"https:\/\/diariodominicano.com\/index.php?rest_route=%2Fwp%2Fv2%2Fcategories&post=98855"},{"taxonomy":"post_tag","embeddable":true,"href":"https:\/\/diariodominicano.com\/index.php?rest_route=%2Fwp%2Fv2%2Ftags&post=98855"}],"curies":[{"name":"wp","href":"https:\/\/api.w.org\/{rel}","templated":true}]}}