{"id":98854,"date":"2013-11-12T19:32:35","date_gmt":"2013-11-12T19:32:35","guid":{"rendered":"http:\/\/diariodominicano.ddns.net\/?p=98854"},"modified":"2013-11-12T19:32:35","modified_gmt":"2013-11-12T19:32:35","slug":"industrias-san-miguel-invierte-700-millones-ampliacion-planta-presidente-asiste","status":"publish","type":"post","link":"https:\/\/diariodominicano.com\/?p=98854","title":{"rendered":"Industrias San Miguel invierte 700 millones ampliaci\u00f3n planta; Presidente asiste"},"content":{"rendered":"<p><body><\/p>\n<p><img decoding=\"async\" src=\"img3\/kola.jpg\" \/>  <\/p>\n<p><span class=\"text1noticias\">Santiago Rodr\u00edguez, RD, 12 de noviembre.-.-El presidente Danilo Medina asisti\u00f3 al acto inaugural de la ampliaci\u00f3n de la Planta de Producci\u00f3n de Industrias San Miguel del Caribe, en la comunidad El Caimito de esta provincia.<\/span><\/p>\n<\/p>\n<p><span class=\"text1noticias\">Los trabajos de ampliaci\u00f3n fueron realizados con una inversi\u00f3n superior a los 700 millones de pesos.<\/span><\/p>\n<\/p>\n<p><span class=\"text1noticias\">Al hablar durante el acto, el presidente del directorio de la empresa, Jorge A\u00f1a\u00f1os, dijo que con la nueva l\u00ednea de producci\u00f3n, su capacidad aumentar\u00e1 en 54 mil botellas por horas adicionales, con lo que se permitir\u00e1 ingresar a nuevos mercados externos.<\/span><\/p>\n<\/p>\n<p><span class=\"text1noticias\">Resalt\u00f3 que ese grupo corporativo trabaja en el bienestar de las comunidades donde opera, y que actualmente  cuentan con 1,600  empleados directos de la compa\u00f1\u00eda.<\/span><\/p>\n<\/p>\n<p><span class=\"text1noticias\">Las nuevas instalaciones recibieron la bendici\u00f3n del padre Lucas Evangelista N\u00fa\u00f1ez Bobadilla.<\/span><\/p>\n<\/p>\n<p><span class=\"text1noticias\">Durante la ceremonia, la C\u00e1mara de Comercio de Santiago Rodr\u00edguez entreg\u00f3 placas de reconocimiento al presidente Danilo Medina y a los fundadores de Industrias San Miguel, el presidente del directorio Jorge A\u00f1a\u00f1os y su esposa, la vicepresidenta de la empresa,  Tania Alc\u00e1zar de A\u00f1a\u00f1os.<\/span><\/p>\n<\/p>\n<p><span class=\"text1noticias\">En el acto hablaron el gobernador de Santiago Rodr\u00edguez, Miguel \u00c1ngel N\u00fa\u00f1ez Rodr\u00edguez, Marroqu\u00edn y la vicepresidenta del directorio de la empresa, Tania Alc\u00e1zar, quienes coincidieron en resaltar el importante apoyo del desarrollo de la econom\u00eda local.<\/span><\/p>\n<\/p>\n<p><span class=\"text1noticias\">Luego, los ejecutivos de la empresa, junto a autoridades regionales y municipales acompa\u00f1aron al jefe del Estado en un recorrido por la planta, durante la cual recibi\u00f3 explicaciones del ingeniero Arturo Marroqu\u00edn Alc\u00e1zar, director y gerente general de Industrias San Miguel en Rep\u00fablica Dominicana.<\/span><\/p>\n<\/p>\n<p><span class=\"text1noticias\"> En el acto estuvieron adem\u00e1s, el ministro administrativo de la Presidencia, Jos\u00e9 Ram\u00f3n Peralta, el embajador de la Rep\u00fablica de Per\u00fa en el pa\u00eds, Enrique Palacios; la c\u00f3nsul comercial de la Embajada de Estados Unidos, Isabella Cascarano; el gobernador, Miguel \u00c1ngel N\u00fa\u00f1ez Rodr\u00edguez, entre otros funcionarios y personalidades.(HG)<\/span>.<\/p>\n<h6> 2013-11-12 19:32:35 <\/h6>\n<p><!--\n<link rel=\"stylesheet\" href=\"css\/bootstrap.min.css\">\n\n\n<ul class=\"pagination\">\n\t    \n\t\n\n<li >\n\t<a href='?page_no=14369'>Previous<\/a>\n\t<\/li>\n\n\n       \n    \n\n<li><a href='?page_no=1'>1<\/a><\/li>\n\n\n\n<li><a href='?page_no=2'>2<\/a><\/li>\n\n\n\n<li><a>...<\/a><\/li>\n\n\n\n<li><a href='?page_no=14368'>14368<\/a><\/li>\n\n\n\n<li><a href='?page_no=14369'>14369<\/a><\/li>\n\n\n\n<li class='active'><a>14370<\/a><\/li>\n\n\n\n<li><a href='?page_no=14371'>14371<\/a><\/li>\n\n\n\n<li><a href='?page_no=14372'>14372<\/a><\/li>\n\n\n\n<li><a>...<\/a><\/li>\n\n\n\n<li><a href='?page_no=30472'>30472<\/a><\/li>\n\n\n\n<li><a href='?page_no=30473'>30473<\/a><\/li>\n\n    \n\t\n\n<li >\n\t<a href='?page_no=14371'>Next<\/a>\n\t<\/li>\n\n\n    \n\n<li><a href='?page_no=30473'>Last &rsaquo;&rsaquo;<\/a><\/li>\n\n<\/ul>\n\n\n--><br \/>\n<\/body><\/p>\n","protected":false},"excerpt":{"rendered":"<p>Santiago Rodr\u00edguez, RD, 12 de noviembre.-.-El presidente Danilo Medina asisti\u00f3 al acto inaugural de la ampliaci\u00f3n de la Planta de Producci\u00f3n de Industrias San Miguel del Caribe, en la comunidad El Caimito de esta provincia. Los trabajos de ampliaci\u00f3n fueron realizados con una inversi\u00f3n superior a los 700 millones de pesos. Al hablar durante el [&hellip;]<\/p>\n","protected":false},"author":3,"featured_media":0,"comment_status":"open","ping_status":"open","sticky":false,"template":"","format":"standard","meta":{"footnotes":""},"categories":[18],"tags":[],"class_list":["post-98854","post","type-post","status-publish","format-standard","hentry","category-economia"],"_links":{"self":[{"href":"https:\/\/diariodominicano.com\/index.php?rest_route=\/wp\/v2\/posts\/98854","targetHints":{"allow":["GET"]}}],"collection":[{"href":"https:\/\/diariodominicano.com\/index.php?rest_route=\/wp\/v2\/posts"}],"about":[{"href":"https:\/\/diariodominicano.com\/index.php?rest_route=\/wp\/v2\/types\/post"}],"author":[{"embeddable":true,"href":"https:\/\/diariodominicano.com\/index.php?rest_route=\/wp\/v2\/users\/3"}],"replies":[{"embeddable":true,"href":"https:\/\/diariodominicano.com\/index.php?rest_route=%2Fwp%2Fv2%2Fcomments&post=98854"}],"version-history":[{"count":0,"href":"https:\/\/diariodominicano.com\/index.php?rest_route=\/wp\/v2\/posts\/98854\/revisions"}],"wp:attachment":[{"href":"https:\/\/diariodominicano.com\/index.php?rest_route=%2Fwp%2Fv2%2Fmedia&parent=98854"}],"wp:term":[{"taxonomy":"category","embeddable":true,"href":"https:\/\/diariodominicano.com\/index.php?rest_route=%2Fwp%2Fv2%2Fcategories&post=98854"},{"taxonomy":"post_tag","embeddable":true,"href":"https:\/\/diariodominicano.com\/index.php?rest_route=%2Fwp%2Fv2%2Ftags&post=98854"}],"curies":[{"name":"wp","href":"https:\/\/api.w.org\/{rel}","templated":true}]}}