{"id":98852,"date":"2013-11-12T19:50:03","date_gmt":"2013-11-12T19:50:03","guid":{"rendered":"http:\/\/diariodominicano.ddns.net\/?p=98852"},"modified":"2013-11-12T19:50:03","modified_gmt":"2013-11-12T19:50:03","slug":"cecomsa-y-citizen-anuncian-alianza-estrategica","status":"publish","type":"post","link":"https:\/\/diariodominicano.com\/?p=98852","title":{"rendered":"CECOMSA y Citizen anuncian alianza estrat\u00e9gica"},"content":{"rendered":"<p><body><\/p>\n<p><img decoding=\"async\" src=\"img3\/cecomsa.JPG\" \/>  <\/p>\n<p><span class=\"text1noticias\">Santo Domingo, RD.- Ejecutivos de CECOMSA realizaron un c\u00f3ctel para dar a conocer los detalles de la alianza estrat\u00e9gica con Citizen, para ofrecer a sus clientes y relacionados Impresoras Fiscales y Comerciales, durante un ameno encuentro en el Restaurant Cane.<\/span><\/p>\n<\/p>\n<p><span class=\"text1noticias\">La actividad estuvo presidida por Ulises Herrand, Gerente de Consultor\u00eda CECOMSA; Oscar Ibarra, Vicepresidente Senior de Citizen; y Paul Suescun, C.E.O de Elepos Electr\u00f3nica. <\/span><\/p>\n<\/p>\n<p><span class=\"text1noticias\">Al pronunciar las palabras de bienvenida, Ulises Herrand explic\u00f3 que con esta alianza CECOMSA contribuir\u00e1 igualmente a flexibilizar las adquisiciones a los contribuyentes fiscales y a su vez dar apoyo a todas las empresas dedicadas al \u00e1rea de programaci\u00f3n, facilit\u00e1ndoles el soporte durante el proceso de adecuaci\u00f3n de sus aplicaciones.<\/span><\/p>\n<\/p>\n<p><span class=\"text1noticias\">Inform\u00f3 que \u00a8para este proceso de soporte hemos creado dentro de cada una de nuestras sucursales, laboratorios con equipos, personal t\u00e9cnico calificado con un tiempo de respuesta de 4hrs y todas las herramientas necesarias para que puedan presentar sus aplicaciones funcionales ante la DGII\u00a8.<\/span><\/p>\n<\/p>\n<p><span class=\"text1noticias\">Asegur\u00f3 que CECOMSA, como aliados estrat\u00e9gicos de la marca, le proveer\u00e1 el asesoramiento de los productos que necesita al precio que desea. En cualquier valor, rendimiento y durabilidad, y encontrar\u00e1n una impresora ajustada a sus medidas.<\/span><\/p>\n<\/p>\n<p><span class=\"text1noticias\">Adem\u00e1s, como parte de su cartera de productos CECOMSA les proporcionar\u00e1 a sus clientes facilidades de seis meses sin intereses, a trav\u00e9s de las instituciones bancarias, para que as\u00ed puedan acceder c\u00f3modamente a cuotas mensuales que facilitar\u00edan la compra de estas.<\/span><\/p>\n<\/p>\n<p><span class=\"text1noticias\">El Vicepresidente Senior de Citizen, Oscar Ibarra, destac\u00f3 que esta empresa es una compa\u00f1\u00eda que por m\u00e1s de 80 a\u00f1os ha sido l\u00edder mundial en la tecnolog\u00eda de miniaturizaci\u00f3n y precisi\u00f3n, para forjar nuevas posibilidades de productos para el mercado, entre ellos, impresoras de punto de venta, soluciones de impresi\u00f3n industrial, impresoras de etiquetas t\u00e9rmicas de c\u00f3digos de barras, port\u00e1tiles, matriciales seriales y fiscales.<\/span><\/p>\n<\/p>\n<p><span class=\"text1noticias\">Luego, Paul Suescun, C.E.O de Elepos Electr\u00f3nica, present\u00f3 un demo de las cualidades y ventajas que ofrece la Impresora Fiscal.<\/span><\/p>\n<\/p>\n<p><span class=\"text1noticias\">Finalmente, Pamela Sued, quien fungi\u00f3 como maestra de la ceremonia, agradeci\u00f3 a los presentes por ser parte de las buenas nuevas de CECOMSA y Citizen.(HG)<\/span>.<\/p>\n<h6> 2013-11-12 19:50:03 <\/h6>\n<p><!--\n<link rel=\"stylesheet\" href=\"css\/bootstrap.min.css\">\n\n\n<ul class=\"pagination\">\n\t    \n\t\n\n<li >\n\t<a href='?page_no=14368'>Previous<\/a>\n\t<\/li>\n\n\n       \n    \n\n<li><a href='?page_no=1'>1<\/a><\/li>\n\n\n\n<li><a href='?page_no=2'>2<\/a><\/li>\n\n\n\n<li><a>...<\/a><\/li>\n\n\n\n<li><a href='?page_no=14367'>14367<\/a><\/li>\n\n\n\n<li><a href='?page_no=14368'>14368<\/a><\/li>\n\n\n\n<li class='active'><a>14369<\/a><\/li>\n\n\n\n<li><a href='?page_no=14370'>14370<\/a><\/li>\n\n\n\n<li><a href='?page_no=14371'>14371<\/a><\/li>\n\n\n\n<li><a>...<\/a><\/li>\n\n\n\n<li><a href='?page_no=30472'>30472<\/a><\/li>\n\n\n\n<li><a href='?page_no=30473'>30473<\/a><\/li>\n\n    \n\t\n\n<li >\n\t<a href='?page_no=14370'>Next<\/a>\n\t<\/li>\n\n\n    \n\n<li><a href='?page_no=30473'>Last &rsaquo;&rsaquo;<\/a><\/li>\n\n<\/ul>\n\n\n--><br \/>\n<\/body><\/p>\n","protected":false},"excerpt":{"rendered":"<p>Santo Domingo, RD.- Ejecutivos de CECOMSA realizaron un c\u00f3ctel para dar a conocer los detalles de la alianza estrat\u00e9gica con Citizen, para ofrecer a sus clientes y relacionados Impresoras Fiscales y Comerciales, durante un ameno encuentro en el Restaurant Cane. La actividad estuvo presidida por Ulises Herrand, Gerente de Consultor\u00eda CECOMSA; Oscar Ibarra, Vicepresidente Senior [&hellip;]<\/p>\n","protected":false},"author":3,"featured_media":0,"comment_status":"open","ping_status":"open","sticky":false,"template":"","format":"standard","meta":{"footnotes":""},"categories":[18],"tags":[],"class_list":["post-98852","post","type-post","status-publish","format-standard","hentry","category-economia"],"_links":{"self":[{"href":"https:\/\/diariodominicano.com\/index.php?rest_route=\/wp\/v2\/posts\/98852","targetHints":{"allow":["GET"]}}],"collection":[{"href":"https:\/\/diariodominicano.com\/index.php?rest_route=\/wp\/v2\/posts"}],"about":[{"href":"https:\/\/diariodominicano.com\/index.php?rest_route=\/wp\/v2\/types\/post"}],"author":[{"embeddable":true,"href":"https:\/\/diariodominicano.com\/index.php?rest_route=\/wp\/v2\/users\/3"}],"replies":[{"embeddable":true,"href":"https:\/\/diariodominicano.com\/index.php?rest_route=%2Fwp%2Fv2%2Fcomments&post=98852"}],"version-history":[{"count":0,"href":"https:\/\/diariodominicano.com\/index.php?rest_route=\/wp\/v2\/posts\/98852\/revisions"}],"wp:attachment":[{"href":"https:\/\/diariodominicano.com\/index.php?rest_route=%2Fwp%2Fv2%2Fmedia&parent=98852"}],"wp:term":[{"taxonomy":"category","embeddable":true,"href":"https:\/\/diariodominicano.com\/index.php?rest_route=%2Fwp%2Fv2%2Fcategories&post=98852"},{"taxonomy":"post_tag","embeddable":true,"href":"https:\/\/diariodominicano.com\/index.php?rest_route=%2Fwp%2Fv2%2Ftags&post=98852"}],"curies":[{"name":"wp","href":"https:\/\/api.w.org\/{rel}","templated":true}]}}