{"id":98851,"date":"2013-11-12T19:54:05","date_gmt":"2013-11-12T19:54:05","guid":{"rendered":"http:\/\/diariodominicano.ddns.net\/?p=98851"},"modified":"2013-11-12T19:54:05","modified_gmt":"2013-11-12T19:54:05","slug":"pro-consumidor-llama-a-la-umpih-ser-consecuentes-y-no-incrementar-40-a-ese-producto-de-la-canasta-basica","status":"publish","type":"post","link":"https:\/\/diariodominicano.com\/?p=98851","title":{"rendered":"Pro Consumidor Llama a la UMPIH ser consecuentes y no incrementar 40 % a ese producto de la canasta b\u00e1sica"},"content":{"rendered":"<p><body><\/p>\n<p><span class=\"text1noticias\">Santo Domingo, RD, 12 de Noviembre.-Pro Consumidor medi\u00f3 con los panaderos para que se dejara sin efecto el incremento en el precio del pan y exhort\u00f3 a la Uni\u00f3n de Mediano y Peque\u00f1os Industriales de la Harina,  ser consecuentes y no incrementar 40 % a ese producto de la canasta b\u00e1sica.<\/span><\/p>\n<\/p>\n<p><span class=\"text1noticias\">Dijo que la entidad que dirige se reuni\u00f3 con la Uni\u00f3n de Mediano y Peque\u00f1os Industriales de la Harina, hace m\u00e1s de  un mes (26 de septiembre), para intervenir y mediar para que no se produjera el incremento de este producto de primera necesidad ya que afecta considerablemente a los consumidores m\u00e1s vulnerables.<\/span><\/p>\n<\/p>\n<p><span class=\"text1noticias\"> \u00abEl alza del 40 por ciento es muy alta,   en parte los comerciantes tienen raz\u00f3n por los reclamos que hacen, pero no puede subir tan alto el pan y la poblaci\u00f3n debe empezar a defenderse\u00bb. Dijo Paulino.<\/span><\/p>\n<\/p>\n<p><span class=\"text1noticias\">Entrevistada en el programa Revista Tele 15, que se transmite por el canal Digital 15, que producen los periodistas Ram\u00f3n Puello B\u00e1ez y Geraldino Gonz\u00e1lez exhort\u00f3 a los ciudadanos a buscar alternativas,  a comer productos de temporada, hacer el pan en la casa donde hay m\u00e1s calidad e higiene y a no dejarse avasallar por la voracidad del mercado.<\/span><\/p>\n<\/p>\n<p><span class=\"text1noticias\">Precis\u00f3 que el pan es un alimento muy sensible, un s\u00edmbolo de la vida, de la persona, de la sobrevivencia de la humanidad, por lo que no es conveniente el alza  para los consumidores y tampoco  para los comerciantes debido a que  bajar\u00eda la venta.<\/span><\/p>\n<\/p>\n<p><span class=\"text1noticias\">Entiende que es una situaci\u00f3n solucionable y espera que de aqu\u00ed al lunes haya una respuesta del gobierno sobre las solicitudes que los productores  hacen para dejar sin efecto el aumento.<\/span><\/p>\n<\/p>\n<p><span class=\"text1noticias\">Pro consumidor sostiene que los precios en el mercado internacional (commodities) el trigo no ha aumentado de precio, tras se\u00f1alar que en el mes de enero su precio era de 335.50 d\u00f3lares, y para agosto su precio descendi\u00f3 a 305.30 d\u00f3lares. <\/span><\/p>\n<\/p>\n<p><span class=\"text1noticias\">Aclar\u00f3 que la entidad que dirige lamentablemente no controla precios, no obstante Pro Consumidor est\u00e1 para educar y orientar a la poblaci\u00f3n a c\u00f3mo sobrevivir en este mercado de oferta y demanda.<\/span><\/p>\n<\/p>\n<p><span class=\"text1noticias\">Ley 483<\/span><\/p>\n<p><span class=\"text1noticias\">En cuanto al recurso que Pro Consumidor deposit\u00f3  en el Tribunal Constitucional el pasado lunes para que declare de  inconstitucionalidad de los art\u00edculos  11, 13 y 17 de la Ley 483, sobre venta condicional  de Bienes Muebles,  plante\u00f3 que propone  que se modifiquen porque  en su aplicaci\u00f3n existen muchas aberraciones  en perjuicio de los usuarios y consumidores.<\/span><\/p>\n<\/p>\n<p><span class=\"text1noticias\">En ese orden dijo que la ley en s\u00ed es buena, pero tiene que revisarse y adecuarse a los nuevos tiempos, de acuerdo con la Constituci\u00f3n.(HG)<\/span>.<\/p>\n<\/p>\n<\/p>\n<h6> 2013-11-12 19:54:05 <\/h6>\n<p><!--\n<link rel=\"stylesheet\" href=\"css\/bootstrap.min.css\">\n\n\n<ul class=\"pagination\">\n\t    \n\t\n\n<li >\n\t<a href='?page_no=14367'>Previous<\/a>\n\t<\/li>\n\n\n       \n    \n\n<li><a href='?page_no=1'>1<\/a><\/li>\n\n\n\n<li><a href='?page_no=2'>2<\/a><\/li>\n\n\n\n<li><a>...<\/a><\/li>\n\n\n\n<li><a href='?page_no=14366'>14366<\/a><\/li>\n\n\n\n<li><a href='?page_no=14367'>14367<\/a><\/li>\n\n\n\n<li class='active'><a>14368<\/a><\/li>\n\n\n\n<li><a href='?page_no=14369'>14369<\/a><\/li>\n\n\n\n<li><a href='?page_no=14370'>14370<\/a><\/li>\n\n\n\n<li><a>...<\/a><\/li>\n\n\n\n<li><a href='?page_no=30472'>30472<\/a><\/li>\n\n\n\n<li><a href='?page_no=30473'>30473<\/a><\/li>\n\n    \n\t\n\n<li >\n\t<a href='?page_no=14369'>Next<\/a>\n\t<\/li>\n\n\n    \n\n<li><a href='?page_no=30473'>Last &rsaquo;&rsaquo;<\/a><\/li>\n\n<\/ul>\n\n\n--><br \/>\n<\/body><\/p>\n","protected":false},"excerpt":{"rendered":"<p>Santo Domingo, RD, 12 de Noviembre.-Pro Consumidor medi\u00f3 con los panaderos para que se dejara sin efecto el incremento en el precio del pan y exhort\u00f3 a la Uni\u00f3n de Mediano y Peque\u00f1os Industriales de la Harina, ser consecuentes y no incrementar 40 % a ese producto de la canasta b\u00e1sica. Dijo que la entidad [&hellip;]<\/p>\n","protected":false},"author":3,"featured_media":0,"comment_status":"open","ping_status":"open","sticky":false,"template":"","format":"standard","meta":{"footnotes":""},"categories":[18],"tags":[],"class_list":["post-98851","post","type-post","status-publish","format-standard","hentry","category-economia"],"_links":{"self":[{"href":"https:\/\/diariodominicano.com\/index.php?rest_route=\/wp\/v2\/posts\/98851","targetHints":{"allow":["GET"]}}],"collection":[{"href":"https:\/\/diariodominicano.com\/index.php?rest_route=\/wp\/v2\/posts"}],"about":[{"href":"https:\/\/diariodominicano.com\/index.php?rest_route=\/wp\/v2\/types\/post"}],"author":[{"embeddable":true,"href":"https:\/\/diariodominicano.com\/index.php?rest_route=\/wp\/v2\/users\/3"}],"replies":[{"embeddable":true,"href":"https:\/\/diariodominicano.com\/index.php?rest_route=%2Fwp%2Fv2%2Fcomments&post=98851"}],"version-history":[{"count":0,"href":"https:\/\/diariodominicano.com\/index.php?rest_route=\/wp\/v2\/posts\/98851\/revisions"}],"wp:attachment":[{"href":"https:\/\/diariodominicano.com\/index.php?rest_route=%2Fwp%2Fv2%2Fmedia&parent=98851"}],"wp:term":[{"taxonomy":"category","embeddable":true,"href":"https:\/\/diariodominicano.com\/index.php?rest_route=%2Fwp%2Fv2%2Fcategories&post=98851"},{"taxonomy":"post_tag","embeddable":true,"href":"https:\/\/diariodominicano.com\/index.php?rest_route=%2Fwp%2Fv2%2Ftags&post=98851"}],"curies":[{"name":"wp","href":"https:\/\/api.w.org\/{rel}","templated":true}]}}