{"id":98849,"date":"2013-11-12T20:13:00","date_gmt":"2013-11-12T20:13:00","guid":{"rendered":"http:\/\/diariodominicano.ddns.net\/?p=98849"},"modified":"2013-11-12T20:13:00","modified_gmt":"2013-11-12T20:13:00","slug":"acacdisna-califica-de-criminal-aumento-en-el-precio-del-pan","status":"publish","type":"post","link":"https:\/\/diariodominicano.com\/?p=98849","title":{"rendered":"Acacdisna califica de criminal aumento en el precio del pan"},"content":{"rendered":"<p><body><\/p>\n<p><img decoding=\"async\" src=\"img3\/BERTILIA.jpg\" \/>  <\/p>\n<p><span class=\"text1noticias\">Santo Domingo, RD, 12 de Octubre.-La presidenta  de la Asociaciones de Comit\u00e9 de Amas de Casa  Consumidoras y Usuarios, licenciada Ana Vertilia Cabrera rechazo el aumento en el precio del pan y sus derivados en un 40% y lo considero improcedente, por parte de la Asociaci\u00f3n de Industriales de la Harina.<\/span><\/p>\n<\/p>\n<p><span class=\"text1noticias\">Explico que el pan es un alimento de primera necesidad y aumentarles dos pesos por unidad, ser\u00eda un crimen imperdonable ya  que este es un alimento de consumo masivo de todos los hogares pobres dominicanos.<\/span><\/p>\n<\/p>\n<p><span class=\"text1noticias\">\u00abNosotras las amas de casa condenamos y rechazamos la decisi\u00f3n de la Asociaci\u00f3n de Industriales de la Harina, de aumentarles  dos pesos cada unidad del producto alimenticio\u00bb.<\/span><\/p>\n<\/p>\n<p><span class=\"text1noticias\">Acacdisna anuncio la puesta en ejecuci\u00f3n de una serie de acciones, entre ellas marchas, piquetes movilizaciones, hasta llegar a decretar \u00abUn d\u00eda sin pan\u00bb, en protesta por dicha decisi\u00f3n.<\/span><\/p>\n<\/p>\n<p><span class=\"text1noticias\">Ana Vertilia Cabrera, llama a la poblaci\u00f3n a no consumir el producto a partir del pr\u00f3ximo lunes 18.<\/span><\/p>\n<p><span class=\"text1noticias\">Argument\u00f3 que los economistas del gobierno deben elaborar un Plan que libere los impuestos a los insumos que intervienen en la elaboraci\u00f3n del pan.<\/span><\/p>\n<\/p>\n<p><span class=\"text1noticias\">Dijo que los reclamos de los Industriales de la Harina no tienen fundamento, ya que estos se basan en que la prima del d\u00f3lar est\u00e1 subiendo, y los insumos que utilizan para la fabricaci\u00f3n del pan, pidi\u00f3 que no sacrifiquen m\u00e1s a la poblaci\u00f3n consumidoras con los m\u00e1rgenes de ganancia del producto.(HG)<\/span>.<\/p>\n<\/p>\n<h6> 2013-11-12 20:13:00 <\/h6>\n<p><!--\n<link rel=\"stylesheet\" href=\"css\/bootstrap.min.css\">\n\n\n<ul class=\"pagination\">\n\t    \n\t\n\n<li >\n\t<a href='?page_no=14365'>Previous<\/a>\n\t<\/li>\n\n\n       \n    \n\n<li><a href='?page_no=1'>1<\/a><\/li>\n\n\n\n<li><a href='?page_no=2'>2<\/a><\/li>\n\n\n\n<li><a>...<\/a><\/li>\n\n\n\n<li><a href='?page_no=14364'>14364<\/a><\/li>\n\n\n\n<li><a href='?page_no=14365'>14365<\/a><\/li>\n\n\n\n<li class='active'><a>14366<\/a><\/li>\n\n\n\n<li><a href='?page_no=14367'>14367<\/a><\/li>\n\n\n\n<li><a href='?page_no=14368'>14368<\/a><\/li>\n\n\n\n<li><a>...<\/a><\/li>\n\n\n\n<li><a href='?page_no=30472'>30472<\/a><\/li>\n\n\n\n<li><a href='?page_no=30473'>30473<\/a><\/li>\n\n    \n\t\n\n<li >\n\t<a href='?page_no=14367'>Next<\/a>\n\t<\/li>\n\n\n    \n\n<li><a href='?page_no=30473'>Last &rsaquo;&rsaquo;<\/a><\/li>\n\n<\/ul>\n\n\n--><br \/>\n<\/body><\/p>\n","protected":false},"excerpt":{"rendered":"<p>Santo Domingo, RD, 12 de Octubre.-La presidenta de la Asociaciones de Comit\u00e9 de Amas de Casa Consumidoras y Usuarios, licenciada Ana Vertilia Cabrera rechazo el aumento en el precio del pan y sus derivados en un 40% y lo considero improcedente, por parte de la Asociaci\u00f3n de Industriales de la Harina. Explico que el pan [&hellip;]<\/p>\n","protected":false},"author":3,"featured_media":0,"comment_status":"open","ping_status":"open","sticky":false,"template":"","format":"standard","meta":{"footnotes":""},"categories":[18],"tags":[],"class_list":["post-98849","post","type-post","status-publish","format-standard","hentry","category-economia"],"_links":{"self":[{"href":"https:\/\/diariodominicano.com\/index.php?rest_route=\/wp\/v2\/posts\/98849","targetHints":{"allow":["GET"]}}],"collection":[{"href":"https:\/\/diariodominicano.com\/index.php?rest_route=\/wp\/v2\/posts"}],"about":[{"href":"https:\/\/diariodominicano.com\/index.php?rest_route=\/wp\/v2\/types\/post"}],"author":[{"embeddable":true,"href":"https:\/\/diariodominicano.com\/index.php?rest_route=\/wp\/v2\/users\/3"}],"replies":[{"embeddable":true,"href":"https:\/\/diariodominicano.com\/index.php?rest_route=%2Fwp%2Fv2%2Fcomments&post=98849"}],"version-history":[{"count":0,"href":"https:\/\/diariodominicano.com\/index.php?rest_route=\/wp\/v2\/posts\/98849\/revisions"}],"wp:attachment":[{"href":"https:\/\/diariodominicano.com\/index.php?rest_route=%2Fwp%2Fv2%2Fmedia&parent=98849"}],"wp:term":[{"taxonomy":"category","embeddable":true,"href":"https:\/\/diariodominicano.com\/index.php?rest_route=%2Fwp%2Fv2%2Fcategories&post=98849"},{"taxonomy":"post_tag","embeddable":true,"href":"https:\/\/diariodominicano.com\/index.php?rest_route=%2Fwp%2Fv2%2Ftags&post=98849"}],"curies":[{"name":"wp","href":"https:\/\/api.w.org\/{rel}","templated":true}]}}