{"id":98846,"date":"2013-11-12T21:30:42","date_gmt":"2013-11-12T21:30:42","guid":{"rendered":"http:\/\/diariodominicano.ddns.net\/?p=98846"},"modified":"2013-11-12T21:30:42","modified_gmt":"2013-11-12T21:30:42","slug":"desciende-dos-dolares-precio-del-petroleo-ee-uu","status":"publish","type":"post","link":"https:\/\/diariodominicano.com\/?p=98846","title":{"rendered":"Desciende dos d\u00f3lares precio del petr\u00f3leo EE.UU."},"content":{"rendered":"<p><body><\/p>\n<p><span class=\"text1noticias\">Nueva York, 12 nov (PL) El precio del petr\u00f3leo Intermedio de Texas (WTI) perdi\u00f3 este martes 2,10 d\u00f3lares en el mercado de Nueva York, a 93,04 d\u00f3lares el barril, su nivel m\u00e1s bajo en cinco meses.<\/span><\/p>\n<\/p>\n<p><span class=\"text1noticias\">Expertos atribuyeron el fuerte retroceso de la cotizaci\u00f3n a la abundancia de inventarios de crudo en Estados Unidos y a perspectivas de un acuerdo entre Ir\u00e1n y varias potencias occidentales, relacionado con el programa nuclear del pa\u00eds persa.<\/span><\/p>\n<\/p>\n<p><span class=\"text1noticias\">En opini\u00f3n de Robert Yawger, analista de Mizuho Securities USA, se trat\u00f3 de una jornada realmente interesante en el mercado de la energ\u00eda, con el precio del barril bajo presi\u00f3n por razones fundamentales (relaci\u00f3n oferta &#8211; demanda), geopol\u00edticas, t\u00e9cnicas y de pol\u00edtica monetaria.<\/span><\/p>\n<\/p>\n<p><span class=\"text1noticias\">Las reservas estadounidenses de crudo se incrementaron en al menos las \u00faltimas cinco semanas, lo que presiona a la baja el precio, coincidieron expertos.<\/span><\/p>\n<\/p>\n<p><span class=\"text1noticias\">Seg\u00fan operadores de este mercado, las existencias de ese combustible en este pa\u00eds aumentaron en cerca de 30 millones de barriles desde mediados de septiembre.<\/span><\/p>\n<\/p>\n<p><span class=\"text1noticias\">Mientras, la Organizaci\u00f3n de Pa\u00edses Exportadores de Petr\u00f3leo (OPEP) dio a conocer en un informe que el mercado mundial de crudo est\u00e1 bien abastecido.<\/span><\/p>\n<\/p>\n<p><span class=\"text1noticias\">Por otra parte, en Londres el petr\u00f3leo Brent del Mar del Norte, el de referencia en Europa, finaliz\u00f3 la sesi\u00f3n fijado en 105, 81 d\u00f3lares el barril, para una ca\u00edda de 59 centavos.(HG)<\/span>.<\/p>\n<h6> 2013-11-12 21:30:42 <\/h6>\n<p><!--\n<link rel=\"stylesheet\" href=\"css\/bootstrap.min.css\">\n\n\n<ul class=\"pagination\">\n\t    \n\t\n\n<li >\n\t<a href='?page_no=14362'>Previous<\/a>\n\t<\/li>\n\n\n       \n    \n\n<li><a href='?page_no=1'>1<\/a><\/li>\n\n\n\n<li><a href='?page_no=2'>2<\/a><\/li>\n\n\n\n<li><a>...<\/a><\/li>\n\n\n\n<li><a href='?page_no=14361'>14361<\/a><\/li>\n\n\n\n<li><a href='?page_no=14362'>14362<\/a><\/li>\n\n\n\n<li class='active'><a>14363<\/a><\/li>\n\n\n\n<li><a href='?page_no=14364'>14364<\/a><\/li>\n\n\n\n<li><a href='?page_no=14365'>14365<\/a><\/li>\n\n\n\n<li><a>...<\/a><\/li>\n\n\n\n<li><a href='?page_no=30472'>30472<\/a><\/li>\n\n\n\n<li><a href='?page_no=30473'>30473<\/a><\/li>\n\n    \n\t\n\n<li >\n\t<a href='?page_no=14364'>Next<\/a>\n\t<\/li>\n\n\n    \n\n<li><a href='?page_no=30473'>Last &rsaquo;&rsaquo;<\/a><\/li>\n\n<\/ul>\n\n\n--><br \/>\n<\/body><\/p>\n","protected":false},"excerpt":{"rendered":"<p>Nueva York, 12 nov (PL) El precio del petr\u00f3leo Intermedio de Texas (WTI) perdi\u00f3 este martes 2,10 d\u00f3lares en el mercado de Nueva York, a 93,04 d\u00f3lares el barril, su nivel m\u00e1s bajo en cinco meses. Expertos atribuyeron el fuerte retroceso de la cotizaci\u00f3n a la abundancia de inventarios de crudo en Estados Unidos y [&hellip;]<\/p>\n","protected":false},"author":3,"featured_media":0,"comment_status":"open","ping_status":"open","sticky":false,"template":"","format":"standard","meta":{"footnotes":""},"categories":[18],"tags":[],"class_list":["post-98846","post","type-post","status-publish","format-standard","hentry","category-economia"],"_links":{"self":[{"href":"https:\/\/diariodominicano.com\/index.php?rest_route=\/wp\/v2\/posts\/98846","targetHints":{"allow":["GET"]}}],"collection":[{"href":"https:\/\/diariodominicano.com\/index.php?rest_route=\/wp\/v2\/posts"}],"about":[{"href":"https:\/\/diariodominicano.com\/index.php?rest_route=\/wp\/v2\/types\/post"}],"author":[{"embeddable":true,"href":"https:\/\/diariodominicano.com\/index.php?rest_route=\/wp\/v2\/users\/3"}],"replies":[{"embeddable":true,"href":"https:\/\/diariodominicano.com\/index.php?rest_route=%2Fwp%2Fv2%2Fcomments&post=98846"}],"version-history":[{"count":0,"href":"https:\/\/diariodominicano.com\/index.php?rest_route=\/wp\/v2\/posts\/98846\/revisions"}],"wp:attachment":[{"href":"https:\/\/diariodominicano.com\/index.php?rest_route=%2Fwp%2Fv2%2Fmedia&parent=98846"}],"wp:term":[{"taxonomy":"category","embeddable":true,"href":"https:\/\/diariodominicano.com\/index.php?rest_route=%2Fwp%2Fv2%2Fcategories&post=98846"},{"taxonomy":"post_tag","embeddable":true,"href":"https:\/\/diariodominicano.com\/index.php?rest_route=%2Fwp%2Fv2%2Ftags&post=98846"}],"curies":[{"name":"wp","href":"https:\/\/api.w.org\/{rel}","templated":true}]}}