{"id":98843,"date":"2013-11-13T13:36:38","date_gmt":"2013-11-13T13:36:38","guid":{"rendered":"http:\/\/diariodominicano.ddns.net\/?p=98843"},"modified":"2013-11-13T13:36:38","modified_gmt":"2013-11-13T13:36:38","slug":"diputados-convierten-en-ley-el-presupuesto-del-2014-fue-aprobado-con-121-votos-a-favor","status":"publish","type":"post","link":"https:\/\/diariodominicano.com\/?p=98843","title":{"rendered":"Diputados convierten en ley el Presupuesto del 2014; fue aprobado con 121 votos a favor&#13;"},"content":{"rendered":"<p><body><\/p>\n<p><img decoding=\"async\" src=\"img3\/diputados 13.jpg\" \/>  <\/p>\n<p>Santo Domingo RD 13 noviembre.- La C\u00e1mara de Diputados convirti\u00f3 ayer en ley el proyecto de Presupuesto General del Estado para el a\u00f1o 2014, luego de una marat\u00f3nica sesi\u00f3n de m\u00e1s de ocho horas e intervenciones de legisladores de casi todos los partidos,<\/p>\n<\/p>\n<p>El proyecto y su adenda, por un monto de 613 mil 136,816 millones de pesos, que le envi\u00f3 el Poder Ejecutivo, fue aprobado con 121 votos a favor y 24 en contra. La discusi\u00f3n del presupuesto dur\u00f3 m\u00e1s de dos horas.<\/p>\n<\/p>\n<p>Los diputados  declararon de urgencia y aprobaron en dos lecturas la pieza luego de un informe favorable que le rindi\u00f3 la comisi\u00f3n bicameral que estudi\u00f3 la pieza, encabezada por el senador Dionis S\u00e1nchez y el diputado Rub\u00e9n Maldonado.<\/p>\n<\/p>\n<p>Maldonado, vicepresidente de la comisi\u00f3n y vocero de la bancada del PLD, pidi\u00f3 la declaraci\u00f3n de urgencia, la cual fue acogida por el pleno.<\/p>\n<\/p>\n<p>Los diputados rechazaron varias propuestas de modificaci\u00f3n, entre ellas la del perrede\u00edsta, Wellington Arnaud, para cambiar los art\u00edculos 2, 3, 4, 7, y 23, alegando tener incongruencias con las asignaciones algunas instituciones.<\/p>\n<\/p>\n<p>Opiniones<\/p>\n<p>Ram\u00f3n Rogelio Genao, vocero del PRSC, consider\u00f3 \u00abcontraproducente que se estuviera discutiendo el proyecto, cuando a\u00fan el Senado no hab\u00eda aprobado el Presupuesto Complementario, el cual establece algunos recursos asignados a los ministerios\u00bb.<\/p>\n<\/p>\n<p>Guadalupe Valdez, de la APD, dijo que el presupuesto no deb\u00eda ser aprobado \u00abal vapor\u00bb, porque ten\u00eda un d\u00e9ficit de m\u00e1s RD$77 mil millones y no es justo ni equitativo.<\/p>\n<\/p>\n<p>El perrede\u00edsta Jos\u00e9 Santana dijo estar preocupado por los ingresos que tendr\u00e1 el Gobierno en 2014. Precis\u00f3 que el Presupuesto est\u00e1 sobrevaluado, y pidi\u00f3 modificarlo para asignar obras en las provincias.<\/p>\n<\/p>\n<p>Radham\u00e9s Gonz\u00e1lez, vocero del PRD, dijo que fue por gestiones de esa organizaci\u00f3n que el Poder Ejecutivo envi\u00f3 un ad\u00e9ndum modific\u00e1ndolo para atender pedidos de sectores, y que se asignaran partidas a instituciones para alza salarial en Salud P\u00fablica, Agricultura, Ministerio de Defensa, Ayuntamientos, Polic\u00eda y Presa de Monte Grande, entre otras.<\/p>\n<\/p>\n<p>Rub\u00e9n Maldonado, vocero del PLD, expres\u00f3 que \u00abeste es el presupuesto posible, no el ideal, pero mostr\u00f3 el inter\u00e9s del presidente Danilo Medina de ayudar a los sectores m\u00e1s pobres. Marino Collante, presidente de la comisi\u00f3n de Hacienda de la C\u00e1mara Baja, dijo que el 70% del Presupuesto se van en tres renglones, pago de deuda externa, subsidio el\u00e9ctrico, 4% educaci\u00f3n y los programas sociales del Gobierno.<\/p>\n<\/p>\n<h6> 2013-11-13 13:36:38 <\/h6>\n<p><!--\n<link rel=\"stylesheet\" href=\"css\/bootstrap.min.css\">\n\n\n<ul class=\"pagination\">\n\t    \n\t\n\n<li >\n\t<a href='?page_no=14359'>Previous<\/a>\n\t<\/li>\n\n\n       \n    \n\n<li><a href='?page_no=1'>1<\/a><\/li>\n\n\n\n<li><a href='?page_no=2'>2<\/a><\/li>\n\n\n\n<li><a>...<\/a><\/li>\n\n\n\n<li><a href='?page_no=14358'>14358<\/a><\/li>\n\n\n\n<li><a href='?page_no=14359'>14359<\/a><\/li>\n\n\n\n<li class='active'><a>14360<\/a><\/li>\n\n\n\n<li><a href='?page_no=14361'>14361<\/a><\/li>\n\n\n\n<li><a href='?page_no=14362'>14362<\/a><\/li>\n\n\n\n<li><a>...<\/a><\/li>\n\n\n\n<li><a href='?page_no=30472'>30472<\/a><\/li>\n\n\n\n<li><a href='?page_no=30473'>30473<\/a><\/li>\n\n    \n\t\n\n<li >\n\t<a href='?page_no=14361'>Next<\/a>\n\t<\/li>\n\n\n    \n\n<li><a href='?page_no=30473'>Last &rsaquo;&rsaquo;<\/a><\/li>\n\n<\/ul>\n\n\n--><br \/>\n<\/body><\/p>\n","protected":false},"excerpt":{"rendered":"<p>Santo Domingo RD 13 noviembre.- La C\u00e1mara de Diputados convirti\u00f3 ayer en ley el proyecto de Presupuesto General del Estado para el a\u00f1o 2014, luego de una marat\u00f3nica sesi\u00f3n de m\u00e1s de ocho horas e intervenciones de legisladores de casi todos los partidos, El proyecto y su adenda, por un monto de 613 mil 136,816 [&hellip;]<\/p>\n","protected":false},"author":3,"featured_media":0,"comment_status":"open","ping_status":"open","sticky":false,"template":"","format":"standard","meta":{"footnotes":""},"categories":[18],"tags":[],"class_list":["post-98843","post","type-post","status-publish","format-standard","hentry","category-economia"],"_links":{"self":[{"href":"https:\/\/diariodominicano.com\/index.php?rest_route=\/wp\/v2\/posts\/98843","targetHints":{"allow":["GET"]}}],"collection":[{"href":"https:\/\/diariodominicano.com\/index.php?rest_route=\/wp\/v2\/posts"}],"about":[{"href":"https:\/\/diariodominicano.com\/index.php?rest_route=\/wp\/v2\/types\/post"}],"author":[{"embeddable":true,"href":"https:\/\/diariodominicano.com\/index.php?rest_route=\/wp\/v2\/users\/3"}],"replies":[{"embeddable":true,"href":"https:\/\/diariodominicano.com\/index.php?rest_route=%2Fwp%2Fv2%2Fcomments&post=98843"}],"version-history":[{"count":0,"href":"https:\/\/diariodominicano.com\/index.php?rest_route=\/wp\/v2\/posts\/98843\/revisions"}],"wp:attachment":[{"href":"https:\/\/diariodominicano.com\/index.php?rest_route=%2Fwp%2Fv2%2Fmedia&parent=98843"}],"wp:term":[{"taxonomy":"category","embeddable":true,"href":"https:\/\/diariodominicano.com\/index.php?rest_route=%2Fwp%2Fv2%2Fcategories&post=98843"},{"taxonomy":"post_tag","embeddable":true,"href":"https:\/\/diariodominicano.com\/index.php?rest_route=%2Fwp%2Fv2%2Ftags&post=98843"}],"curies":[{"name":"wp","href":"https:\/\/api.w.org\/{rel}","templated":true}]}}