{"id":98841,"date":"2013-11-13T18:32:39","date_gmt":"2013-11-13T18:32:39","guid":{"rendered":"http:\/\/diariodominicano.ddns.net\/?p=98841"},"modified":"2013-11-13T18:32:39","modified_gmt":"2013-11-13T18:32:39","slug":"panaderos-aceptan-posponer-alza-precio-del-pan-hasta-enero","status":"publish","type":"post","link":"https:\/\/diariodominicano.com\/?p=98841","title":{"rendered":"Panaderos aceptan posponer alza  precio del pan hasta Enero"},"content":{"rendered":"<p><body><\/p>\n<p><img decoding=\"async\" src=\"img3\/peralta.jpg\" \/>  <\/p>\n<p><span class=\"text1noticias\">Santo Domingo, RD, 13 de noviembre.-El presidente de la Uni\u00f3n Nacional de Productores e industriales de la Harina, Francisco Capell\u00e1n inform\u00f3 que esa entidad pospondr\u00e1 hasta enero el aumento en el precio del pan.<\/span><\/p>\n<p><span class=\"text1noticias\"> <\/span><\/p>\n<p><span class=\"text1noticias\">La decisi\u00f3n fue tomada luego que Capell\u00e1n se reuniera en el Palacio Nacional con el ministro Administrativo de la Presidencia, Jos\u00e9 Ram\u00f3n Peralta.<\/span><\/p>\n<p><span class=\"text1noticias\"> <\/span><\/p>\n<p><span class=\"text1noticias\">Hace varios d\u00edas, la Uni\u00f3n Nacional de Productores e industriales de la Harina hab\u00eda anunciado un incremento de 2 pesos en los precios de la unidad del pan, que de 5 pesos, pasar\u00eda a 7.<\/span><\/p>\n<p><span class=\"text1noticias\"> <\/span><\/p>\n<p><span class=\"text1noticias\">Al mismo tiempo, Capell\u00e1n  inform\u00f3 que de todos modos deber\u00e1 reunirse en asamblea con todos los directivos y miembros para tomar una decisi\u00f3n final.<\/span><\/p>\n<p><span class=\"text1noticias\"> <\/span><\/p>\n<p><span class=\"text1noticias\">\u00abRespondimos a un llamado que nos hizo el ministro Jos\u00e9 Ram\u00f3n Peralta para conocer algunas de las peticiones que nosotros hab\u00edamos planteado; algunas se dieron por hecho, otras debo consultarlas, pero en su gran mayor\u00eda los puntos planteados van en proceso de soluci\u00f3n\u00bb, dijo a los periodistas que cubren la fuente palaciega, al salir del despacho del ministro Jos\u00e9 Ram\u00f3n Peralta.<\/span><\/p>\n<p><span class=\"text1noticias\"> <\/span><\/p>\n<p><span class=\"text1noticias\"> Entre los planteamientos hechos al Gobierno, Francisco Capell\u00e1n cit\u00f3 la necesidad de que les facilitaran a las panader\u00edas las impresoras para constancia y registro fiscal, que  a su decir, poseen un costo muy alto para las peque\u00f1as panader\u00edas.<\/span><\/p>\n<p><span class=\"text1noticias\"> <\/span><\/p>\n<p><span class=\"text1noticias\">\u00abPeralta nos dijo que se estudiar\u00e1n todas las propuestas, porque cree que el Gobierno debe asumir el costo de las impresoras, lo que saludamos, tambi\u00e9n se da como un hecho el financiamiento para la reconversi\u00f3n de los equipos de panader\u00eda,  con un monto de 800 millones de pesos, principalmente los hornos, que inciden en el costo de producci\u00f3n\u00bb, explic\u00f3.<\/span><\/p>\n<p><span class=\"text1noticias\"> <\/span><\/p>\n<p><span class=\"text1noticias\">Inform\u00f3 que se le garantiz\u00f3 que el Gobierno comprar\u00eda 600 mil teleras, con un costo de alrededor de 30 millones de pesos, en coordinaci\u00f3n con las gobernaciones del pa\u00eds, para repartir a las familias m\u00e1s necesitadas, en las festividades navide\u00f1as.<\/span><\/p>\n<p><span class=\"text1noticias\"> <\/span><\/p>\n<p><span class=\"text1noticias\">Cuando se le pregunt\u00f3 si segu\u00eda en pie lo del incremento en los precios del pan, manifest\u00f3 que \u00abno, no, no, eso se va a aplazar hasta enero y vamos a seguir negociando en ese tiempo reglamentario, porque el problema principal es el del ITBIS (Impuesto de Transferencia de Bienes Industrializados y Servicios); se har\u00e1n las consultas con Impuestos Internos para buscarle una soluci\u00f3n\u00bb, acot\u00f3.<\/span><\/p>\n<p><span class=\"text1noticias\"> <\/span><\/p>\n<p><span class=\"text1noticias\">Dijo que esto permitir\u00eda un alivio en las materias primas como el az\u00facar, levaduras, grasas, y otros.<\/span><\/p>\n<p><span class=\"text1noticias\"> <\/span><\/p>\n<p><span class=\"text1noticias\">\u00abEs decir, se va a buscar una forma para ver si esa situaci\u00f3n se compensa de una u otra manera\u00bb, subray\u00f3.<\/span><\/p>\n<p><span class=\"text1noticias\"> <\/span><\/p>\n<p><span class=\"text1noticias\">En el pa\u00eds hay alrededor de 2 mil panader\u00edas organizadas.(HG)<\/span>.<\/p>\n<h6> 2013-11-13 18:32:39 <\/h6>\n<p><!--\n<link rel=\"stylesheet\" href=\"css\/bootstrap.min.css\">\n\n\n<ul class=\"pagination\">\n\t    \n\t\n\n<li >\n\t<a href='?page_no=14358'>Previous<\/a>\n\t<\/li>\n\n\n       \n    \n\n<li><a href='?page_no=1'>1<\/a><\/li>\n\n\n\n<li><a href='?page_no=2'>2<\/a><\/li>\n\n\n\n<li><a>...<\/a><\/li>\n\n\n\n<li><a href='?page_no=14357'>14357<\/a><\/li>\n\n\n\n<li><a href='?page_no=14358'>14358<\/a><\/li>\n\n\n\n<li class='active'><a>14359<\/a><\/li>\n\n\n\n<li><a href='?page_no=14360'>14360<\/a><\/li>\n\n\n\n<li><a href='?page_no=14361'>14361<\/a><\/li>\n\n\n\n<li><a>...<\/a><\/li>\n\n\n\n<li><a href='?page_no=30472'>30472<\/a><\/li>\n\n\n\n<li><a href='?page_no=30473'>30473<\/a><\/li>\n\n    \n\t\n\n<li >\n\t<a href='?page_no=14360'>Next<\/a>\n\t<\/li>\n\n\n    \n\n<li><a href='?page_no=30473'>Last &rsaquo;&rsaquo;<\/a><\/li>\n\n<\/ul>\n\n\n--><br \/>\n<\/body><\/p>\n","protected":false},"excerpt":{"rendered":"<p>Santo Domingo, RD, 13 de noviembre.-El presidente de la Uni\u00f3n Nacional de Productores e industriales de la Harina, Francisco Capell\u00e1n inform\u00f3 que esa entidad pospondr\u00e1 hasta enero el aumento en el precio del pan. La decisi\u00f3n fue tomada luego que Capell\u00e1n se reuniera en el Palacio Nacional con el ministro Administrativo de la Presidencia, Jos\u00e9 [&hellip;]<\/p>\n","protected":false},"author":3,"featured_media":0,"comment_status":"open","ping_status":"open","sticky":false,"template":"","format":"standard","meta":{"footnotes":""},"categories":[18],"tags":[],"class_list":["post-98841","post","type-post","status-publish","format-standard","hentry","category-economia"],"_links":{"self":[{"href":"https:\/\/diariodominicano.com\/index.php?rest_route=\/wp\/v2\/posts\/98841","targetHints":{"allow":["GET"]}}],"collection":[{"href":"https:\/\/diariodominicano.com\/index.php?rest_route=\/wp\/v2\/posts"}],"about":[{"href":"https:\/\/diariodominicano.com\/index.php?rest_route=\/wp\/v2\/types\/post"}],"author":[{"embeddable":true,"href":"https:\/\/diariodominicano.com\/index.php?rest_route=\/wp\/v2\/users\/3"}],"replies":[{"embeddable":true,"href":"https:\/\/diariodominicano.com\/index.php?rest_route=%2Fwp%2Fv2%2Fcomments&post=98841"}],"version-history":[{"count":0,"href":"https:\/\/diariodominicano.com\/index.php?rest_route=\/wp\/v2\/posts\/98841\/revisions"}],"wp:attachment":[{"href":"https:\/\/diariodominicano.com\/index.php?rest_route=%2Fwp%2Fv2%2Fmedia&parent=98841"}],"wp:term":[{"taxonomy":"category","embeddable":true,"href":"https:\/\/diariodominicano.com\/index.php?rest_route=%2Fwp%2Fv2%2Fcategories&post=98841"},{"taxonomy":"post_tag","embeddable":true,"href":"https:\/\/diariodominicano.com\/index.php?rest_route=%2Fwp%2Fv2%2Ftags&post=98841"}],"curies":[{"name":"wp","href":"https:\/\/api.w.org\/{rel}","templated":true}]}}