{"id":98840,"date":"2013-11-13T18:42:32","date_gmt":"2013-11-13T18:42:32","guid":{"rendered":"http:\/\/diariodominicano.ddns.net\/?p=98840"},"modified":"2013-11-13T18:42:32","modified_gmt":"2013-11-13T18:42:32","slug":"senador-rafael-calderon-afirma-presupuesto-del-2014-tiene-equidad-social","status":"publish","type":"post","link":"https:\/\/diariodominicano.com\/?p=98840","title":{"rendered":"Senador Rafael Calder\u00f3n afirma presupuesto del 2014 tiene equidad social&#13;"},"content":{"rendered":"<p><body><\/p>\n<p><img decoding=\"async\" src=\"img3\/Calderon.jpg\" \/>  <\/p>\n<p><span class=\"text1noticias\">Santo Domingo, RD, 13 de Noviembre.-El Senador del Partido de la Liberaci\u00f3n Dominicana (PLD), por la provincia de Azua, Rafael Calder\u00f3n asegur\u00f3 que el proyecto de presupuesto del a\u00f1o 2014, mantiene la equidad social, porque se destinaron partidas para ejecutar obras en todo el pa\u00eds.<\/span><\/p>\n<\/p>\n<p><span class=\"text1noticias\">Entrevistado por el periodista Salvador Holgu\u00edn en el programa \u00abSin Cortapisa\u00bb, por Teleradio Am\u00e9rica canal 45, Calder\u00f3n, estim\u00f3 que el presidente Danilo Medina, quisiera un presupuesto m\u00e1s amplio pero que la presi\u00f3n tributaria se lo impide.<\/span><\/p>\n<\/p>\n<p><span class=\"text1noticias\">\u00abEl presupuesto elaborado para el 2014, tiene una equidad social, ya que no hay ni una provincia o municipio que no este contemplado en el, y el gobierno ha mantenido la prioridad de los trabajos sociales\u00bb, expres\u00f3.<\/span><\/p>\n<\/p>\n<p><span class=\"text1noticias\">Agreg\u00f3 que, \u00abel presidente Danilo Medina quisiera un presupuesto m\u00e1s amplio, pero la presi\u00f3n tributaria no se lo permite y aunque recibi\u00f3 un pa\u00eds endeudado, ese endeudamiento lo han convertido en una deuda externa de calidad porque las mismas son de bajo intereses\u00bb, manifest\u00f3 el legislador.<\/span><\/p>\n<\/p>\n<p><span class=\"text1noticias\">El congresista, indic\u00f3 que en el presupuesto del 2014, el gobierno decidi\u00f3 mantener el subsidi\u00f3 el\u00e9ctrico, as\u00ed como el apoyo a los programas sociales y el compromiso con el pago de la deuda externa.<\/span><\/p>\n<\/p>\n<p><span class=\"text1noticias\">As\u00ed mismo explic\u00f3 que el d\u00e9ficit del Producto Interno Bruto (PIB), actualmente est\u00e1 en 2.8%, y que cuando el  presidente Danilo Medina asumi\u00f3 el gobierno era de un 8%.<\/span><\/p>\n<\/p>\n<p><span class=\"text1noticias\">Dijo que en ocho a\u00f1os la Rep\u00fablica Dominicana ha experimentado un crecimiento econ\u00f3mico, m\u00e1s amplio que otros pa\u00edses del caribe.(HG)<\/span>.<\/p>\n<\/p>\n<h6> 2013-11-13 18:42:32 <\/h6>\n<p><!--\n<link rel=\"stylesheet\" href=\"css\/bootstrap.min.css\">\n\n\n<ul class=\"pagination\">\n\t    \n\t\n\n<li >\n\t<a href='?page_no=14357'>Previous<\/a>\n\t<\/li>\n\n\n       \n    \n\n<li><a href='?page_no=1'>1<\/a><\/li>\n\n\n\n<li><a href='?page_no=2'>2<\/a><\/li>\n\n\n\n<li><a>...<\/a><\/li>\n\n\n\n<li><a href='?page_no=14356'>14356<\/a><\/li>\n\n\n\n<li><a href='?page_no=14357'>14357<\/a><\/li>\n\n\n\n<li class='active'><a>14358<\/a><\/li>\n\n\n\n<li><a href='?page_no=14359'>14359<\/a><\/li>\n\n\n\n<li><a href='?page_no=14360'>14360<\/a><\/li>\n\n\n\n<li><a>...<\/a><\/li>\n\n\n\n<li><a href='?page_no=30472'>30472<\/a><\/li>\n\n\n\n<li><a href='?page_no=30473'>30473<\/a><\/li>\n\n    \n\t\n\n<li >\n\t<a href='?page_no=14359'>Next<\/a>\n\t<\/li>\n\n\n    \n\n<li><a href='?page_no=30473'>Last &rsaquo;&rsaquo;<\/a><\/li>\n\n<\/ul>\n\n\n--><br \/>\n<\/body><\/p>\n","protected":false},"excerpt":{"rendered":"<p>Santo Domingo, RD, 13 de Noviembre.-El Senador del Partido de la Liberaci\u00f3n Dominicana (PLD), por la provincia de Azua, Rafael Calder\u00f3n asegur\u00f3 que el proyecto de presupuesto del a\u00f1o 2014, mantiene la equidad social, porque se destinaron partidas para ejecutar obras en todo el pa\u00eds. Entrevistado por el periodista Salvador Holgu\u00edn en el programa \u00abSin [&hellip;]<\/p>\n","protected":false},"author":3,"featured_media":0,"comment_status":"open","ping_status":"open","sticky":false,"template":"","format":"standard","meta":{"footnotes":""},"categories":[18],"tags":[],"class_list":["post-98840","post","type-post","status-publish","format-standard","hentry","category-economia"],"_links":{"self":[{"href":"https:\/\/diariodominicano.com\/index.php?rest_route=\/wp\/v2\/posts\/98840","targetHints":{"allow":["GET"]}}],"collection":[{"href":"https:\/\/diariodominicano.com\/index.php?rest_route=\/wp\/v2\/posts"}],"about":[{"href":"https:\/\/diariodominicano.com\/index.php?rest_route=\/wp\/v2\/types\/post"}],"author":[{"embeddable":true,"href":"https:\/\/diariodominicano.com\/index.php?rest_route=\/wp\/v2\/users\/3"}],"replies":[{"embeddable":true,"href":"https:\/\/diariodominicano.com\/index.php?rest_route=%2Fwp%2Fv2%2Fcomments&post=98840"}],"version-history":[{"count":0,"href":"https:\/\/diariodominicano.com\/index.php?rest_route=\/wp\/v2\/posts\/98840\/revisions"}],"wp:attachment":[{"href":"https:\/\/diariodominicano.com\/index.php?rest_route=%2Fwp%2Fv2%2Fmedia&parent=98840"}],"wp:term":[{"taxonomy":"category","embeddable":true,"href":"https:\/\/diariodominicano.com\/index.php?rest_route=%2Fwp%2Fv2%2Fcategories&post=98840"},{"taxonomy":"post_tag","embeddable":true,"href":"https:\/\/diariodominicano.com\/index.php?rest_route=%2Fwp%2Fv2%2Ftags&post=98840"}],"curies":[{"name":"wp","href":"https:\/\/api.w.org\/{rel}","templated":true}]}}