{"id":98839,"date":"2013-11-13T19:10:18","date_gmt":"2013-11-13T19:10:18","guid":{"rendered":"http:\/\/diariodominicano.ddns.net\/?p=98839"},"modified":"2013-11-13T19:10:18","modified_gmt":"2013-11-13T19:10:18","slug":"adompretur-destaca-impacto-de-la-feria-discover-puerto-plata-2013","status":"publish","type":"post","link":"https:\/\/diariodominicano.com\/?p=98839","title":{"rendered":"ADOMPRETUR destaca impacto de la Feria Discover Puerto Plata 2013"},"content":{"rendered":"<p><body><\/p>\n<p><img decoding=\"async\" src=\"img3\/feria.jpg\" \/>  <\/p>\n<p><span class=\"text1noticias\">Puerto Plata, RD, 13 de Noviembre.-La Asociaci\u00f3n Dominicana de Prensa Tur\u00edstica (ADOMPRETUR) resalt\u00f3 el impacto de la feria Discover Puerto Plata MarketPlace 2013, en la proyecci\u00f3n internacional  de los renovados atractivos de la Costa Norte y en la consolidaci\u00f3n de una plataforma institucional de apoyo a ese importante destino.<\/span><\/p>\n<\/p>\n<p><span class=\"text1noticias\">Al felicitar al Cluster Tur\u00edstico del Destino Puerto Plata, al Ministerio de Turismo y a los dem\u00e1s actores del evento ferial, ADOMPRETUR valor\u00f3 positivamente la calidad del montaje realizada en el hotel Be Live Gran Marien Costa Dorada y la amplia participaci\u00f3n de expositores nacionales,   incluyendo suplidores del sector y  las cadenas hoteleras establecidas en el pa\u00eds.<\/span><\/p>\n<\/p>\n<p><span class=\"text1noticias\">En una declaraci\u00f3n suscrita por su presidente  Osvaldo Soriano, y su vicepresidente Luis Jos\u00e9 Ch\u00e1vez, quienes estuvieron presentes en las tres jornadas de la  Feria, ADOMPRETUR tambi\u00e9n destac\u00f3  el apoyo de la Agencia de los Estados Unidos para el Desarrollo Internacional (USAID),  y  la eficiente  colaboraci\u00f3n prestada  por las Oficinas de  Promoci\u00f3n Tur\u00edstica (OPT), del MINTUR,  para canalizar la participaci\u00f3n de tour operadores y periodistas de  Am\u00e9rica y Europa.<\/span><\/p>\n<\/p>\n<p><span class=\"text1noticias\">\u00abLa oportunidad de proyectar en  directo ante delegaciones de 18 pa\u00edses de Am\u00e9rica y Europa  los atractivos naturales, la mejorada  infraestructura hotelera, y el patrimonio hist\u00f3rico y cultural de Puerto Plata,  es un acontecimiento de gran impacto en la proyecci\u00f3n del  turismo dominicano\u00bb, apunta la entidad period\u00edstica.<\/span><\/p>\n<\/p>\n<p><span class=\"text1noticias\">Pero entiende ADOMPRETUR que el proceso de transformaci\u00f3n que se registra actualmente en la Costa Norte no responde solo a una oportuna  estrategia de mercadeo, sino  tambi\u00e9n a un plan integral  donde  est\u00e1n involucrados todos los actores relacionados con el Turismo de Puerto Plata: las autoridades provinciales y municipales, el liderazgo social y empresarial, los suplidores de servicios tur\u00edsticos, las instituciones del Gobierno, y sobre todo el Ministerio de Turismo, que ha asumido la responsabilidad de asegurar la ejecuci\u00f3n de importantes obras de infraestructura para apoyar el turismo de la Costa Norte.<\/span><\/p>\n<\/p>\n<p><span class=\"text1noticias\">\u00abEn  este sentido nos parece justo resaltar  el anuncio hecho por el viceministro de turismo, Fausto Fern\u00e1ndez, durante la noche inaugural de la Feria,  sobre las obras de inter\u00e9s tur\u00edstico y social patrocinadas por la cartera en la zona, como  la planta de tratamiento de aguas residuales de Luper\u00f3n, las calles de Maim\u00f3n, Nava y el Lim\u00f3n, as\u00ed como los proyectos en fase de licitaci\u00f3n para el remozamiento del centro hist\u00f3rico de Puerto Plata, la v\u00eda de acceso y el mobiliario p\u00fablico de Playa Grande en Luper\u00f3n, la construcci\u00f3n de los cuarteles de POLITUR en Cabarete y Sos\u00faa, la construcci\u00f3n del Parque de La Puntilla en el malec\u00f3n puertoplate\u00f1o, la construcci\u00f3n de la Casa del Pescador en Sos\u00faa, el sal\u00f3n multiuso de Luper\u00f3n, la se\u00f1alizaci\u00f3n tur\u00edstica en toda la regi\u00f3n y la colocaci\u00f3n de una red de zafacones especiales en todas las playas para estimular la limpieza, expresa Adompretur.<\/span><\/p>\n<\/p>\n<p><span class=\"text1noticias\">La entidad period\u00edstica expres\u00f3 un especial reconocimiento a los principales responsables de la Feria, entre ellos M\u00e1ximo Iglesias, presidente del Cluster del Destino Puerto Plata;  Lorenzo Sancassani, Director provincial de Turismo; Jacaira Cid, directora ejecutiva del Cluster; Roberto Casoni, presidente de la Asociaci\u00f3n de Hoteles de Playa Dorada;   Luis Liriano, director  general de Be Live Gran Marien Costa Dorada y presidente de Asonorte;  Karina \u00c4bbott, coordinadora del proyecto FOMIN-BID, de gesti\u00f3n tur\u00edstica basada en los recursos culturales;   y Anny Mariel G\u00f3mez, directora de comunicaci\u00f3n del Cluster Tur\u00edstico.(HG)<\/span>.<\/p>\n<h6> 2013-11-13 19:10:18 <\/h6>\n<p><!--\n<link rel=\"stylesheet\" href=\"css\/bootstrap.min.css\">\n\n\n<ul class=\"pagination\">\n\t    \n\t\n\n<li >\n\t<a href='?page_no=14356'>Previous<\/a>\n\t<\/li>\n\n\n       \n    \n\n<li><a href='?page_no=1'>1<\/a><\/li>\n\n\n\n<li><a href='?page_no=2'>2<\/a><\/li>\n\n\n\n<li><a>...<\/a><\/li>\n\n\n\n<li><a href='?page_no=14355'>14355<\/a><\/li>\n\n\n\n<li><a href='?page_no=14356'>14356<\/a><\/li>\n\n\n\n<li class='active'><a>14357<\/a><\/li>\n\n\n\n<li><a href='?page_no=14358'>14358<\/a><\/li>\n\n\n\n<li><a href='?page_no=14359'>14359<\/a><\/li>\n\n\n\n<li><a>...<\/a><\/li>\n\n\n\n<li><a href='?page_no=30472'>30472<\/a><\/li>\n\n\n\n<li><a href='?page_no=30473'>30473<\/a><\/li>\n\n    \n\t\n\n<li >\n\t<a href='?page_no=14358'>Next<\/a>\n\t<\/li>\n\n\n    \n\n<li><a href='?page_no=30473'>Last &rsaquo;&rsaquo;<\/a><\/li>\n\n<\/ul>\n\n\n--><br \/>\n<\/body><\/p>\n","protected":false},"excerpt":{"rendered":"<p>Puerto Plata, RD, 13 de Noviembre.-La Asociaci\u00f3n Dominicana de Prensa Tur\u00edstica (ADOMPRETUR) resalt\u00f3 el impacto de la feria Discover Puerto Plata MarketPlace 2013, en la proyecci\u00f3n internacional de los renovados atractivos de la Costa Norte y en la consolidaci\u00f3n de una plataforma institucional de apoyo a ese importante destino. Al felicitar al Cluster Tur\u00edstico del [&hellip;]<\/p>\n","protected":false},"author":3,"featured_media":0,"comment_status":"open","ping_status":"open","sticky":false,"template":"","format":"standard","meta":{"footnotes":""},"categories":[18],"tags":[],"class_list":["post-98839","post","type-post","status-publish","format-standard","hentry","category-economia"],"_links":{"self":[{"href":"https:\/\/diariodominicano.com\/index.php?rest_route=\/wp\/v2\/posts\/98839","targetHints":{"allow":["GET"]}}],"collection":[{"href":"https:\/\/diariodominicano.com\/index.php?rest_route=\/wp\/v2\/posts"}],"about":[{"href":"https:\/\/diariodominicano.com\/index.php?rest_route=\/wp\/v2\/types\/post"}],"author":[{"embeddable":true,"href":"https:\/\/diariodominicano.com\/index.php?rest_route=\/wp\/v2\/users\/3"}],"replies":[{"embeddable":true,"href":"https:\/\/diariodominicano.com\/index.php?rest_route=%2Fwp%2Fv2%2Fcomments&post=98839"}],"version-history":[{"count":0,"href":"https:\/\/diariodominicano.com\/index.php?rest_route=\/wp\/v2\/posts\/98839\/revisions"}],"wp:attachment":[{"href":"https:\/\/diariodominicano.com\/index.php?rest_route=%2Fwp%2Fv2%2Fmedia&parent=98839"}],"wp:term":[{"taxonomy":"category","embeddable":true,"href":"https:\/\/diariodominicano.com\/index.php?rest_route=%2Fwp%2Fv2%2Fcategories&post=98839"},{"taxonomy":"post_tag","embeddable":true,"href":"https:\/\/diariodominicano.com\/index.php?rest_route=%2Fwp%2Fv2%2Ftags&post=98839"}],"curies":[{"name":"wp","href":"https:\/\/api.w.org\/{rel}","templated":true}]}}