{"id":98836,"date":"2013-11-13T20:15:45","date_gmt":"2013-11-13T20:15:45","guid":{"rendered":"http:\/\/diariodominicano.ddns.net\/?p=98836"},"modified":"2013-11-13T20:15:45","modified_gmt":"2013-11-13T20:15:45","slug":"idecoop-imparte-curso-taller-sobre-cooperativismo-en-barahona","status":"publish","type":"post","link":"https:\/\/diariodominicano.com\/?p=98836","title":{"rendered":"&#13;IDECOOP imparte curso taller sobre cooperativismo en Barahona"},"content":{"rendered":"<p><body><\/p>\n<p><img decoding=\"async\" src=\"img3\/cooperativismo.jpg\" \/>  <\/p>\n<p><span class=\"text1noticias\">Santo Domingo, RD, 13 de Noviembre.-El Instituto de Desarrollo y Cr\u00e9dito Cooperativo IDECOOP, imparti\u00f3 un cuso taller sobre gobernabilidad en las cooperativas, dirigido a los cooperativas que pertenecen al centro regional enriquillo, en Barahona. <\/span><\/p>\n<\/p>\n<p><span class=\"text1noticias\">El talle tiene por objetivo lograr que los dirigentes asuman el rol que les corresponde, para una efectiva gobernabilidad de las cooperativas, dot\u00e1ndoles de los conocimientos para administrar y dirigir con eficiencia su empresa cooperativa.<\/span><\/p>\n<\/p>\n<p><span class=\"text1noticias\">El  evento fue encabezado por el Presidente Administrador del IDECOOP, licenciado Pedro Corpor\u00e1n, quien dict\u00f3 la conferencia, Introducci\u00f3n a la Educaci\u00f3n Cooperativa, Legados Retos y Realidades, donde resalt\u00f3 la importancia de la educaci\u00f3n en las entidades de econom\u00eda social solidaria.<\/span><\/p>\n<\/p>\n<p><span class=\"text1noticias\">El licenciado Pedro Corpor\u00e1n defini\u00f3 la educaci\u00f3n como un proceso multidireccional de transmisi\u00f3n de valores y conocimientos de una sociedad, por lo que asegur\u00f3 que la educaci\u00f3n es fundamental para lograr la perpetuaci\u00f3n del Sector Cooperativo en la Rep\u00fablica Dominicana. <\/span><\/p>\n<p><span class=\"text1noticias\"> <\/span><\/p>\n<p><span class=\"text1noticias\">En la Jornada educativa organizada y dirigida por la gerencia de educaci\u00f3n del IDECOOP,<\/span><\/p>\n<p><span class=\"text1noticias\">Se debatieron adem\u00e1s  temas sobre la situaci\u00f3n actual y perspectiva del Marco Jur\u00eddico del cooperativismo en Rep\u00fablica Dominicana a Cargo del doctor V\u00edctor Reyes, destacado Cooperativista de la Regi\u00f3n.<\/span><\/p>\n<p><span class=\"text1noticias\">  <\/span><\/p>\n<p><span class=\"text1noticias\">El curso taller sobre gobernabilidad en las cooperativas tubo como facilitador al profesor Ram\u00f3n Soto de la Cruz, quien abarc\u00f3 temas de inter\u00e9s para una efectiva gobernabilidad y manejo de las instituciones; tales como; clasificaci\u00f3n de las cooperativas, beneficios, valores, componentes, funciones de los consejos entre otros.<\/span><\/p>\n<p><span class=\"text1noticias\"> <\/span><\/p>\n<p><span class=\"text1noticias\">A la actividad realizada en el Hotel Costa Larimar de Barahona, asistieron decenas de cooperativistas de la regi\u00f3n, quienes agradecieron al Ente Regulador por llevar la importante Jornada Educativa y pidieron que se replique en otras demarcaciones, af\u00edn de que los cooperativistas puedan adquirir los conocimientos que ofrece el taller.(HG)<\/span>.<\/p>\n<\/p>\n<\/p>\n<h6> 2013-11-13 20:15:45 <\/h6>\n<p><!--\n<link rel=\"stylesheet\" href=\"css\/bootstrap.min.css\">\n\n\n<ul class=\"pagination\">\n\t    \n\t\n\n<li >\n\t<a href='?page_no=14353'>Previous<\/a>\n\t<\/li>\n\n\n       \n    \n\n<li><a href='?page_no=1'>1<\/a><\/li>\n\n\n\n<li><a href='?page_no=2'>2<\/a><\/li>\n\n\n\n<li><a>...<\/a><\/li>\n\n\n\n<li><a href='?page_no=14352'>14352<\/a><\/li>\n\n\n\n<li><a href='?page_no=14353'>14353<\/a><\/li>\n\n\n\n<li class='active'><a>14354<\/a><\/li>\n\n\n\n<li><a href='?page_no=14355'>14355<\/a><\/li>\n\n\n\n<li><a href='?page_no=14356'>14356<\/a><\/li>\n\n\n\n<li><a>...<\/a><\/li>\n\n\n\n<li><a href='?page_no=30472'>30472<\/a><\/li>\n\n\n\n<li><a href='?page_no=30473'>30473<\/a><\/li>\n\n    \n\t\n\n<li >\n\t<a href='?page_no=14355'>Next<\/a>\n\t<\/li>\n\n\n    \n\n<li><a href='?page_no=30473'>Last &rsaquo;&rsaquo;<\/a><\/li>\n\n<\/ul>\n\n\n--><br \/>\n<\/body><\/p>\n","protected":false},"excerpt":{"rendered":"<p>Santo Domingo, RD, 13 de Noviembre.-El Instituto de Desarrollo y Cr\u00e9dito Cooperativo IDECOOP, imparti\u00f3 un cuso taller sobre gobernabilidad en las cooperativas, dirigido a los cooperativas que pertenecen al centro regional enriquillo, en Barahona. El talle tiene por objetivo lograr que los dirigentes asuman el rol que les corresponde, para una efectiva gobernabilidad de las [&hellip;]<\/p>\n","protected":false},"author":3,"featured_media":0,"comment_status":"open","ping_status":"open","sticky":false,"template":"","format":"standard","meta":{"footnotes":""},"categories":[18],"tags":[],"class_list":["post-98836","post","type-post","status-publish","format-standard","hentry","category-economia"],"_links":{"self":[{"href":"https:\/\/diariodominicano.com\/index.php?rest_route=\/wp\/v2\/posts\/98836","targetHints":{"allow":["GET"]}}],"collection":[{"href":"https:\/\/diariodominicano.com\/index.php?rest_route=\/wp\/v2\/posts"}],"about":[{"href":"https:\/\/diariodominicano.com\/index.php?rest_route=\/wp\/v2\/types\/post"}],"author":[{"embeddable":true,"href":"https:\/\/diariodominicano.com\/index.php?rest_route=\/wp\/v2\/users\/3"}],"replies":[{"embeddable":true,"href":"https:\/\/diariodominicano.com\/index.php?rest_route=%2Fwp%2Fv2%2Fcomments&post=98836"}],"version-history":[{"count":0,"href":"https:\/\/diariodominicano.com\/index.php?rest_route=\/wp\/v2\/posts\/98836\/revisions"}],"wp:attachment":[{"href":"https:\/\/diariodominicano.com\/index.php?rest_route=%2Fwp%2Fv2%2Fmedia&parent=98836"}],"wp:term":[{"taxonomy":"category","embeddable":true,"href":"https:\/\/diariodominicano.com\/index.php?rest_route=%2Fwp%2Fv2%2Fcategories&post=98836"},{"taxonomy":"post_tag","embeddable":true,"href":"https:\/\/diariodominicano.com\/index.php?rest_route=%2Fwp%2Fv2%2Ftags&post=98836"}],"curies":[{"name":"wp","href":"https:\/\/api.w.org\/{rel}","templated":true}]}}