{"id":98833,"date":"2013-11-14T05:16:52","date_gmt":"2013-11-14T05:16:52","guid":{"rendered":"http:\/\/diariodominicano.ddns.net\/?p=98833"},"modified":"2013-11-14T05:16:52","modified_gmt":"2013-11-14T05:16:52","slug":"jose-ramon-peralta-el-gobierno-no-siempre-puede-hacer-tanto-como-quisiera","status":"publish","type":"post","link":"https:\/\/diariodominicano.com\/?p=98833","title":{"rendered":"Jos\u00e9 Ram\u00f3n Peralta: El Gobierno no siempre puede hacer tanto como quisiera"},"content":{"rendered":"<p><body><\/p>\n<p><img decoding=\"async\" src=\"img3\/peralta131113.jpg\" \/>  <\/p>\n<p><span class=\"text1noticias\">SANTO DOMINGO, RD, 13 de Noviembre (DICOM).- El ministro administrativo de la presidencia Jos\u00e9 Ram\u00f3n Peralta afirm\u00f3 que el Gobierno no siempre puede hacer tanto como quisiera al responder preguntas de los periodistas.<\/span><\/p>\n<p><span class=\"text1noticias\"> <\/span><\/p>\n<p><span class=\"text1noticias\">\u00abComo gobierno hemos ido demostrando que queremos actuar con responsabilidad, tenemos una carga de una deuda que con el tiempo queremos ver como la vamos a manejar\u00bb dijo el ministro administrativo.<\/span><\/p>\n<p><span class=\"text1noticias\"> <\/span><\/p>\n<p><span class=\"text1noticias\">Destac\u00f3 que la prioridad del gobierno  es tener un manejo disciplinado de la econom\u00eda: \u00abNuestra prioridad es hacer crecer esta  econom\u00eda, llevarle bienestar a la gente y con el crecimiento de la econom\u00eda hacerle frente a la deuda a m\u00e1s largo plazo\u00bb.<\/span><\/p>\n<\/p>\n<\/p>\n<h6> 2013-11-14 05:16:52 <\/h6>\n<p><!--\n<link rel=\"stylesheet\" href=\"css\/bootstrap.min.css\">\n\n\n<ul class=\"pagination\">\n\t    \n\t\n\n<li >\n\t<a href='?page_no=14350'>Previous<\/a>\n\t<\/li>\n\n\n       \n    \n\n<li><a href='?page_no=1'>1<\/a><\/li>\n\n\n\n<li><a href='?page_no=2'>2<\/a><\/li>\n\n\n\n<li><a>...<\/a><\/li>\n\n\n\n<li><a href='?page_no=14349'>14349<\/a><\/li>\n\n\n\n<li><a href='?page_no=14350'>14350<\/a><\/li>\n\n\n\n<li class='active'><a>14351<\/a><\/li>\n\n\n\n<li><a href='?page_no=14352'>14352<\/a><\/li>\n\n\n\n<li><a href='?page_no=14353'>14353<\/a><\/li>\n\n\n\n<li><a>...<\/a><\/li>\n\n\n\n<li><a href='?page_no=30472'>30472<\/a><\/li>\n\n\n\n<li><a href='?page_no=30473'>30473<\/a><\/li>\n\n    \n\t\n\n<li >\n\t<a href='?page_no=14352'>Next<\/a>\n\t<\/li>\n\n\n    \n\n<li><a href='?page_no=30473'>Last &rsaquo;&rsaquo;<\/a><\/li>\n\n<\/ul>\n\n\n--><br \/>\n<\/body><\/p>\n","protected":false},"excerpt":{"rendered":"<p>SANTO DOMINGO, RD, 13 de Noviembre (DICOM).- El ministro administrativo de la presidencia Jos\u00e9 Ram\u00f3n Peralta afirm\u00f3 que el Gobierno no siempre puede hacer tanto como quisiera al responder preguntas de los periodistas. \u00abComo gobierno hemos ido demostrando que queremos actuar con responsabilidad, tenemos una carga de una deuda que con el tiempo queremos ver [&hellip;]<\/p>\n","protected":false},"author":3,"featured_media":0,"comment_status":"open","ping_status":"open","sticky":false,"template":"","format":"standard","meta":{"footnotes":""},"categories":[18],"tags":[],"class_list":["post-98833","post","type-post","status-publish","format-standard","hentry","category-economia"],"_links":{"self":[{"href":"https:\/\/diariodominicano.com\/index.php?rest_route=\/wp\/v2\/posts\/98833","targetHints":{"allow":["GET"]}}],"collection":[{"href":"https:\/\/diariodominicano.com\/index.php?rest_route=\/wp\/v2\/posts"}],"about":[{"href":"https:\/\/diariodominicano.com\/index.php?rest_route=\/wp\/v2\/types\/post"}],"author":[{"embeddable":true,"href":"https:\/\/diariodominicano.com\/index.php?rest_route=\/wp\/v2\/users\/3"}],"replies":[{"embeddable":true,"href":"https:\/\/diariodominicano.com\/index.php?rest_route=%2Fwp%2Fv2%2Fcomments&post=98833"}],"version-history":[{"count":0,"href":"https:\/\/diariodominicano.com\/index.php?rest_route=\/wp\/v2\/posts\/98833\/revisions"}],"wp:attachment":[{"href":"https:\/\/diariodominicano.com\/index.php?rest_route=%2Fwp%2Fv2%2Fmedia&parent=98833"}],"wp:term":[{"taxonomy":"category","embeddable":true,"href":"https:\/\/diariodominicano.com\/index.php?rest_route=%2Fwp%2Fv2%2Fcategories&post=98833"},{"taxonomy":"post_tag","embeddable":true,"href":"https:\/\/diariodominicano.com\/index.php?rest_route=%2Fwp%2Fv2%2Ftags&post=98833"}],"curies":[{"name":"wp","href":"https:\/\/api.w.org\/{rel}","templated":true}]}}