{"id":98832,"date":"2013-11-14T13:06:22","date_gmt":"2013-11-14T13:06:22","guid":{"rendered":"http:\/\/diariodominicano.ddns.net\/?p=98832"},"modified":"2013-11-14T13:06:22","modified_gmt":"2013-11-14T13:06:22","slug":"rd-sera-sede-de-red-interamericana-de-compras-gubernamentales-ricg","status":"publish","type":"post","link":"https:\/\/diariodominicano.com\/?p=98832","title":{"rendered":"RD ser\u00e1 sede de Red Interamericana de Compras Gubernamentales (RICG)"},"content":{"rendered":"<p><body><\/p>\n<p><img decoding=\"async\" src=\"img3\/mypimes 14.jpg\" \/>  <\/p>\n<p>Santo Domingo RD 14.- La Rep\u00fablica Dominicana, representada por  la Direcci\u00f3n General de Contrataciones P\u00fablicas, ser\u00e1 sede de un taller internacional sobre el Acceso de las Mipymes a las Compras P\u00fablicas patrocinado por de la Red Interamericana de Compras Gubernamentales (RICG) durante los d\u00edas 18 y 19 de noviembre.<\/p>\n<\/p>\n<p>El taller es organizado y financiado por la RICG, a trav\u00e9s de los organismos internacionales que la integran, OEA y BID, siendo el organismo anfitri\u00f3n la direcci\u00f3n General de Contrataciones P\u00fablicas de la Rep\u00fablica Dominicana. La actividad forma parte de las iniciativas destinadas a desarrollar y fomentar espacios de intercambio de experiencias y capacitaci\u00f3n entre los miembros de la RICG.<\/p>\n<\/p>\n<p>El intercambio de informaciones tiene como objetivo responder a las necesidades manifestadas por los miembros de la Red para la capacitaci\u00f3n e intercambio de experiencias en el tema entre los pa\u00edses y expertos internacionales de la regi\u00f3n y el mundo.<\/p>\n<\/p>\n<p>Durante el taller de dos d\u00edas se abordar\u00e1n  diversos temas entre ellos: dise\u00f1o, definici\u00f3n y regulaci\u00f3n de pol\u00edticas de promoci\u00f3n a las Mipymes en el mercado de las compras p\u00fablicas;exigencias m\u00ednimas de registro y condiciones presentaci\u00f3n de propuestas para micro y peque\u00f1os productores.<\/p>\n<\/p>\n<p>Tambi\u00e9n, los aspectos te\u00f3ricos y pr\u00e1cticos de la implementaci\u00f3n de pol\u00edticas de tipo horizontal (destinadas a disminuir o eliminar barreras legales, administrativas, de procedimiento, etc\u00e9tera. Capacitaci\u00f3n, acceso a la tecnolog\u00eda, publicidad) y de tipo vertical (Dise\u00f1o de herramientas destinadas a garantizar la participaci\u00f3n de la Mipymes en el mercado de compras gubernamentales tales como reservas de mercado, exigencias de subcontrataci\u00f3n, preferencias de precio, licitaciones exclusivas, etc\u00e9tera).<\/p>\n<\/p>\n<p>Asimismo, instrumentos financieros para facilitar la participaci\u00f3n de las Mipymes a las compras p\u00fablicas; y un tema  muy importante para el pa\u00eds, el de prevenci\u00f3n de fraude y colusi\u00f3n: mecanismo para evitar pr\u00e1cticas fraudulentas por parte de las empresas para acceder a las preferencias otorgadas a las Mipymes y colusi\u00f3n de oferentes.<\/p>\n<\/p>\n<p><strong>Conferencistas<\/strong><\/p>\n<\/p>\n<p>El mexicano, Miguel Villegas, experto en Mipymes y director de Intermediaci\u00f3n  Financiera y Microcr\u00e9dito, de la Nacional Financiera, S.N.C.<\/p>\n<\/p>\n<p>En representantes de Brasil participar\u00e1,  Rafael Set\u00fabal Arantes, quien es director adjunto de la Direcci\u00f3n de Log\u00edstica y Servicios Generales, Secretar\u00eda de Log\u00edstica y Tecnolog\u00eda de la Informaci\u00f3n del Ministerio de Planeamiento de ese pa\u00eds.<\/p>\n<\/p>\n<p>Asimismo, Marcelo Mosquera Zingoni, Jefe de Segmentaci\u00f3n y Fidelizaci\u00f3n de Proveedores de   ChileCompra del Ministerio de Hacienda de Chile y Ana Edelmira Montejo de Molina, Coordinadora de Tecnolog\u00eda y  Unidad Normativa de Adquisiciones y Contrataciones de la Administraci\u00f3n P\u00fablica  (UNAC) del Salvador.<\/p>\n<\/p>\n<p><strong>\u00bfQu\u00e9 es la RICG?<\/strong><\/p>\n<\/p>\n<p>La Red Interamericana de Compras Gubernamentales (RICG), es una iniciativa de los pa\u00edses de las Am\u00e9ricas constituida como un mecanismo de cooperaci\u00f3n t\u00e9cnica regional, integrada por las instituciones gubernamentales, en cabeza de los directores nacionales, que tienen la m\u00e1xima responsabilidad relacionada con la regulaci\u00f3n, gesti\u00f3n y modernizaci\u00f3n de las compras p\u00fablicas en 32 pa\u00edses de Am\u00e9rica Latina y el Caribe, que manejan del 10 al 20% del PIB de sus pa\u00edses.<\/p>\n<\/p>\n<p><strong>Pa\u00edses miembros<\/strong><\/p>\n<\/p>\n<p>Antigua y Barbuda, Argentina, Bahamas, Barbados, Belice, Bolivia, Brasil, Chile, Colombia, Costa Rica, Dominica, Ecuador, El Salvador, Grenada, Guatemala, Guyana, Haiti, Honduras, Jamaica, M\u00e9xico, Nicaragua, Panam\u00e1, Paraguay, Per\u00fa, Rep\u00fablica Dominicana, St. Kitts y Nevis, St. Luc\u00edam, St. Vicente y las Granadinas, Suriname, Trinidad y Tobago, Uruguay, Venezuela.<\/p>\n<\/p>\n<h6> 2013-11-14 13:06:22 <\/h6>\n<p><!--\n<link rel=\"stylesheet\" href=\"css\/bootstrap.min.css\">\n\n\n<ul class=\"pagination\">\n\t    \n\t\n\n<li >\n\t<a href='?page_no=14349'>Previous<\/a>\n\t<\/li>\n\n\n       \n    \n\n<li><a href='?page_no=1'>1<\/a><\/li>\n\n\n\n<li><a href='?page_no=2'>2<\/a><\/li>\n\n\n\n<li><a>...<\/a><\/li>\n\n\n\n<li><a href='?page_no=14348'>14348<\/a><\/li>\n\n\n\n<li><a href='?page_no=14349'>14349<\/a><\/li>\n\n\n\n<li class='active'><a>14350<\/a><\/li>\n\n\n\n<li><a href='?page_no=14351'>14351<\/a><\/li>\n\n\n\n<li><a href='?page_no=14352'>14352<\/a><\/li>\n\n\n\n<li><a>...<\/a><\/li>\n\n\n\n<li><a href='?page_no=30472'>30472<\/a><\/li>\n\n\n\n<li><a href='?page_no=30473'>30473<\/a><\/li>\n\n    \n\t\n\n<li >\n\t<a href='?page_no=14351'>Next<\/a>\n\t<\/li>\n\n\n    \n\n<li><a href='?page_no=30473'>Last &rsaquo;&rsaquo;<\/a><\/li>\n\n<\/ul>\n\n\n--><br \/>\n<\/body><\/p>\n","protected":false},"excerpt":{"rendered":"<p>Santo Domingo RD 14.- La Rep\u00fablica Dominicana, representada por la Direcci\u00f3n General de Contrataciones P\u00fablicas, ser\u00e1 sede de un taller internacional sobre el Acceso de las Mipymes a las Compras P\u00fablicas patrocinado por de la Red Interamericana de Compras Gubernamentales (RICG) durante los d\u00edas 18 y 19 de noviembre. El taller es organizado y financiado [&hellip;]<\/p>\n","protected":false},"author":3,"featured_media":0,"comment_status":"open","ping_status":"open","sticky":false,"template":"","format":"standard","meta":{"footnotes":""},"categories":[18],"tags":[],"class_list":["post-98832","post","type-post","status-publish","format-standard","hentry","category-economia"],"_links":{"self":[{"href":"https:\/\/diariodominicano.com\/index.php?rest_route=\/wp\/v2\/posts\/98832","targetHints":{"allow":["GET"]}}],"collection":[{"href":"https:\/\/diariodominicano.com\/index.php?rest_route=\/wp\/v2\/posts"}],"about":[{"href":"https:\/\/diariodominicano.com\/index.php?rest_route=\/wp\/v2\/types\/post"}],"author":[{"embeddable":true,"href":"https:\/\/diariodominicano.com\/index.php?rest_route=\/wp\/v2\/users\/3"}],"replies":[{"embeddable":true,"href":"https:\/\/diariodominicano.com\/index.php?rest_route=%2Fwp%2Fv2%2Fcomments&post=98832"}],"version-history":[{"count":0,"href":"https:\/\/diariodominicano.com\/index.php?rest_route=\/wp\/v2\/posts\/98832\/revisions"}],"wp:attachment":[{"href":"https:\/\/diariodominicano.com\/index.php?rest_route=%2Fwp%2Fv2%2Fmedia&parent=98832"}],"wp:term":[{"taxonomy":"category","embeddable":true,"href":"https:\/\/diariodominicano.com\/index.php?rest_route=%2Fwp%2Fv2%2Fcategories&post=98832"},{"taxonomy":"post_tag","embeddable":true,"href":"https:\/\/diariodominicano.com\/index.php?rest_route=%2Fwp%2Fv2%2Ftags&post=98832"}],"curies":[{"name":"wp","href":"https:\/\/api.w.org\/{rel}","templated":true}]}}