{"id":98826,"date":"2013-11-14T15:59:00","date_gmt":"2013-11-14T15:59:00","guid":{"rendered":"http:\/\/diariodominicano.ddns.net\/?p=98826"},"modified":"2013-11-14T15:59:00","modified_gmt":"2013-11-14T15:59:00","slug":"vietnam-se-interesa-invertir-en-desarrollo-rd-llega-al-pais-delegacion-de-empresarios","status":"publish","type":"post","link":"https:\/\/diariodominicano.com\/?p=98826","title":{"rendered":"Vietnam se interesa invertir en desarrollo RD; llega al pa\u00eds delegaci\u00f3n de empresarios"},"content":{"rendered":"<p><body><\/p>\n<p><img decoding=\"async\" src=\"img3\/tercia 14.jpg\" \/>  <\/p>\n<p>Santo Domingo RD 14 noviembre.-Una delegaci\u00f3n de empresarios de la Rep\u00fablica Socialista de Vietnam interesados en invertir y aportar en el desarrollo del pueblo dominicano lleg\u00f3 al pa\u00eds invitado por el Secretario General del MIU, Miguel Mej\u00eda.<\/p>\n<\/p>\n<p>Permanecer\u00e1n en el pa\u00eds del 14 al 16 de los corrientes para agotar una agenda que incluye una ofrenda floral en la laza Presidente Ho Chi Minh, en el Municipio Santo Domingo Este, este viernes 15 de noviembre a las 10:00 de la ma\u00f1ana.<\/p>\n<\/p>\n<p>Durante su visita a  Rep\u00fablica Dominicana la delegaci\u00f3n de empresarios vietnamita sostendr\u00e1 encuentros con autoridades y empresarios de distintas \u00e1reas, con la perspectiva de invertir en el desarrollo econ\u00f3mico y social del pueblo dominicano.<\/p>\n<\/p>\n<p>Los integrantes de la comisi\u00f3n la encabeza Nguyen Quang Hung, quien la encabeza, Nguyen Duc Vinh, Nguyen Duc Huy, NguyenDinh Chinh, Nguyen Gia Tho, Nguyen thi Tam, Nguyen Gia Chien, Hoang Cao Tri, Le Trinh Thanh, Tran Duyen Tuyen y Pham Duong Chau.<\/p>\n<\/p>\n<p>Ofrenda Floral<\/p>\n<\/p>\n<p>El Ministro de Estado Para Pol\u00edticas de Integraci\u00f3n Regional, Miguel Mej\u00eda, encabezar\u00e1 este viernes a las 10:00 de la ma\u00f1ana la Ofrenda Floral  en honor al Presidente Ho Chi Minh junto a la delegaci\u00f3n de empresarios vietnamita invitados, dirigentes de la Comisi\u00f3n Pol\u00edtica del MIU y de los Comit\u00e9s Provincial Ho Chi Minh en Santo Domingo Este y 26 de Julio en el Distrito Nacional.<\/p>\n<\/p>\n<p>La Plaza Presidente Ho Chi Minh fue erigida en mazo de este a\u00f1o en la Autopista Rafael Tom\u00e1s Fern\u00e1ndez Dom\u00ednguez por iniciativa del Movimiento Izquierda Unida (MIU) que logr\u00f3 que la Sala Capitular de la Alcald\u00eda del Municipio Santo Domingo Este aprobara la colocaci\u00f3n del Busto y la Plaza como un homenaje perpetuo al Presidente y l\u00edder de la Revoluci\u00f3n Vietnamita.<\/p>\n<\/p>\n<p>El MIU tiene una alta valoraci\u00f3n de Ho Chi Minh quien tuvo la oportunidad de la darle la libertad y la independencia a su pueblo sin embargo nunca cambi\u00f3 su humildad, la cual ha sido ejemplo para la humanidad.<\/p>\n<h6> 2013-11-14 15:59:00 <\/h6>\n<p><!--\n<link rel=\"stylesheet\" href=\"css\/bootstrap.min.css\">\n\n\n<ul class=\"pagination\">\n\t    \n\t\n\n<li >\n\t<a href='?page_no=14344'>Previous<\/a>\n\t<\/li>\n\n\n       \n    \n\n<li><a href='?page_no=1'>1<\/a><\/li>\n\n\n\n<li><a href='?page_no=2'>2<\/a><\/li>\n\n\n\n<li><a>...<\/a><\/li>\n\n\n\n<li><a href='?page_no=14343'>14343<\/a><\/li>\n\n\n\n<li><a href='?page_no=14344'>14344<\/a><\/li>\n\n\n\n<li class='active'><a>14345<\/a><\/li>\n\n\n\n<li><a href='?page_no=14346'>14346<\/a><\/li>\n\n\n\n<li><a href='?page_no=14347'>14347<\/a><\/li>\n\n\n\n<li><a>...<\/a><\/li>\n\n\n\n<li><a href='?page_no=30472'>30472<\/a><\/li>\n\n\n\n<li><a href='?page_no=30473'>30473<\/a><\/li>\n\n    \n\t\n\n<li >\n\t<a href='?page_no=14346'>Next<\/a>\n\t<\/li>\n\n\n    \n\n<li><a href='?page_no=30473'>Last &rsaquo;&rsaquo;<\/a><\/li>\n\n<\/ul>\n\n\n--><br \/>\n<\/body><\/p>\n","protected":false},"excerpt":{"rendered":"<p>Santo Domingo RD 14 noviembre.-Una delegaci\u00f3n de empresarios de la Rep\u00fablica Socialista de Vietnam interesados en invertir y aportar en el desarrollo del pueblo dominicano lleg\u00f3 al pa\u00eds invitado por el Secretario General del MIU, Miguel Mej\u00eda. Permanecer\u00e1n en el pa\u00eds del 14 al 16 de los corrientes para agotar una agenda que incluye una [&hellip;]<\/p>\n","protected":false},"author":3,"featured_media":0,"comment_status":"open","ping_status":"open","sticky":false,"template":"","format":"standard","meta":{"footnotes":""},"categories":[18],"tags":[],"class_list":["post-98826","post","type-post","status-publish","format-standard","hentry","category-economia"],"_links":{"self":[{"href":"https:\/\/diariodominicano.com\/index.php?rest_route=\/wp\/v2\/posts\/98826","targetHints":{"allow":["GET"]}}],"collection":[{"href":"https:\/\/diariodominicano.com\/index.php?rest_route=\/wp\/v2\/posts"}],"about":[{"href":"https:\/\/diariodominicano.com\/index.php?rest_route=\/wp\/v2\/types\/post"}],"author":[{"embeddable":true,"href":"https:\/\/diariodominicano.com\/index.php?rest_route=\/wp\/v2\/users\/3"}],"replies":[{"embeddable":true,"href":"https:\/\/diariodominicano.com\/index.php?rest_route=%2Fwp%2Fv2%2Fcomments&post=98826"}],"version-history":[{"count":0,"href":"https:\/\/diariodominicano.com\/index.php?rest_route=\/wp\/v2\/posts\/98826\/revisions"}],"wp:attachment":[{"href":"https:\/\/diariodominicano.com\/index.php?rest_route=%2Fwp%2Fv2%2Fmedia&parent=98826"}],"wp:term":[{"taxonomy":"category","embeddable":true,"href":"https:\/\/diariodominicano.com\/index.php?rest_route=%2Fwp%2Fv2%2Fcategories&post=98826"},{"taxonomy":"post_tag","embeddable":true,"href":"https:\/\/diariodominicano.com\/index.php?rest_route=%2Fwp%2Fv2%2Ftags&post=98826"}],"curies":[{"name":"wp","href":"https:\/\/api.w.org\/{rel}","templated":true}]}}