{"id":98825,"date":"2013-11-14T18:32:07","date_gmt":"2013-11-14T18:32:07","guid":{"rendered":"http:\/\/diariodominicano.ddns.net\/?p=98825"},"modified":"2013-11-14T18:32:07","modified_gmt":"2013-11-14T18:32:07","slug":"espana-apoya-a-rd-en-investigaciones-marinas-presidente-recibe-mision","status":"publish","type":"post","link":"https:\/\/diariodominicano.com\/?p=98825","title":{"rendered":"Espa\u00f1a apoya a RD en investigaciones marinas; Presidente recibe misi\u00f3n"},"content":{"rendered":"<p><body><\/p>\n<p><img decoding=\"async\" src=\"img3\/marina.jpg\" \/>  <\/p>\n<p><span class=\"text1noticias\">Santo Domingo, RD, 14 de noviembre.-El Gobierno de Espa\u00f1a y la Universidad Complutense de Madrid apoyar\u00e1n a Rep\u00fablica Dominicana en la exploraci\u00f3n del fondo marino, para determinar riesgos s\u00edsmicos y las emanaciones de gas de la plataforma de San Pedro de Macor\u00eds.<\/span><\/p>\n<p><span class=\"text1noticias\"> <\/span><\/p>\n<p><span class=\"text1noticias\">Se trata de la segunda fase de una campa\u00f1a que inici\u00f3 en el 2009 y que en este momento abarcar\u00e1 una investigaci\u00f3n, por primera vez, de los niveles de sismicidad de la costa norte del pa\u00eds.<\/span><\/p>\n<p><span class=\"text1noticias\"> <\/span><\/p>\n<p><span class=\"text1noticias\">As\u00ed lo expresaron el jefe de investigaciones oceanogr\u00e1ficas de la Universidad Complutense de Madrid, Andr\u00e9s Carb\u00f3, y el presidente de la Comisi\u00f3n de Asuntos del Mar de la C\u00e1mara de Diputados, Pelegr\u00edn Castillo Sem\u00e1n, luego de visitar al presidente Danilo Medina en su despacho del Palacio Nacional, en rueda de prensa en el Sal\u00f3n Orlando Mart\u00ednez.<\/span><\/p>\n<p><span class=\"text1noticias\"> <\/span><\/p>\n<p><span class=\"text1noticias\">Junto a ellos estuvieron el rector de la Universidad Complutense de Madrid, Jos\u00e9 Carrillo, el presidente de la Autoridad Nacional de Asuntos Mar\u00edtimos, Pascual Prota; la coordinadora general de la Comisi\u00f3n de Formaci\u00f3n del Ministerio de Energ\u00eda y Minas, Hinya de Pe\u00f1a y el embajador de Espa\u00f1a en el pa\u00eds, Jaime Lacadena Higuera.<\/span><\/p>\n<p><span class=\"text1noticias\"> <\/span><\/p>\n<p><span class=\"text1noticias\">El diputado Pelegr\u00edn Castillo y el jefe de investigaciones de la referida universidad, explicaron que informaron al presidente Medina acerca de los alcances de la Campa\u00f1a Caribe-Norte Fase 2, que iniciar\u00e1 este fin de semana.<\/span><\/p>\n<p><span class=\"text1noticias\"> <\/span><\/p>\n<p><span class=\"text1noticias\">\u00abEstamos impulsando este programa que resultar\u00e1 de gran utilidad para el aprovechamiento de los espacios mar\u00edtimos de la Rep\u00fablica Dominicana y una primera fase se realiz\u00f3 en el 2009\u00bb, dijo.<\/span><\/p>\n<p><span class=\"text1noticias\"> <\/span><\/p>\n<p><span class=\"text1noticias\">Castillo inform\u00f3 que la investigaci\u00f3n de exploraci\u00f3n de las estructuras del fondo marino se realizar\u00e1 con el apoyo del Barco Sarmiento de Gamboa, que posee las herramientas m\u00e1s avanzadas para este tipo de indagatoria cient\u00edfica.<\/span><\/p>\n<p><span class=\"text1noticias\"> <\/span><\/p>\n<p><span class=\"text1noticias\">El barco llega ma\u00f1ana, e iniciar\u00e1 los trabajos el domingo, que se extender\u00e1n durante un mes.<\/span><\/p>\n<p><span class=\"text1noticias\"> <\/span><\/p>\n<p><span class=\"text1noticias\">Plataforma San Pedro de Macor\u00eds<\/span><\/p>\n<p><span class=\"text1noticias\">El legislador refiri\u00f3 que con este objetivo se iniciar\u00e1 una campa\u00f1a de investigaci\u00f3n que partir\u00e1 desde el sur del pa\u00eds, y se har\u00e1 una evaluaci\u00f3n de la zona de la plataforma de San Pedro de Macor\u00eds, en el este de la Rep\u00fablica Dominicana \u00aby se va a hacer un primer esfuerzo de exploraci\u00f3n en la parte norte (Cibao).<\/span><\/p>\n<p><span class=\"text1noticias\"> <\/span><\/p>\n<p><span class=\"text1noticias\">\u00abEsa campa\u00f1a est\u00e1 dirigida esencialmente a conocer los fondos marinos y se va a tratar de determinar al mismo tiempo, la procedencia de emanaciones de gas, en la plataforma de San Pedro de Macor\u00eds\u00bb, enfatiz\u00f3.<\/span><\/p>\n<p><span class=\"text1noticias\"> <\/span><\/p>\n<p><span class=\"text1noticias\">Al hablar de las emanaciones de gas, precis\u00f3 que se investigar\u00e1 el potencial de explotaci\u00f3n econ\u00f3mico de las mismas.<\/span><\/p>\n<p><span class=\"text1noticias\"> <\/span><\/p>\n<p><span class=\"text1noticias\">Explic\u00f3 que se trata de una jornada muy importante porque tambi\u00e9n se abarcar\u00e1 un enfoque de las plataformas que plantean riesgos s\u00edsmicos.<\/span><\/p>\n<p><span class=\"text1noticias\"> <\/span><\/p>\n<p><span class=\"text1noticias\">\u00abLas del Norte son estructuras que apenas se han estudiando, con la relevancia que tiene para la Rep\u00fablica Dominicana la situaci\u00f3n de vulnerabilidad s\u00edsmica y esta fase forma parte de una operaci\u00f3n que inici\u00f3 en el 2009\u00bb, a\u00f1adi\u00f3.<\/span><\/p>\n<p><span class=\"text1noticias\"> <\/span><\/p>\n<p><span class=\"text1noticias\">Andr\u00e9s Carb\u00f3, jefe de investigaci\u00f3n de la Complutense de Madrid, dijo que se trata de una campa\u00f1a de investigaci\u00f3n oceanogr\u00e1fica que contempla esfuerzos importantes en los campos de los riesgos s\u00edsmicos y de las estructuras que potencialmente pudieran tener alguna posibilidad energ\u00e9tica.<\/span><\/p>\n<p><span class=\"text1noticias\"> <\/span><\/p>\n<p><span class=\"text1noticias\">\u00abQueremos reconocer estructuras que puedan generar peligrosidad s\u00edsmica\u00bb, dijo.<\/span><\/p>\n<p><span class=\"text1noticias\"> <\/span><\/p>\n<p><span class=\"text1noticias\">Mientras, el rector de la Universidad Complutense de Madrid, Jos\u00e9 Carrillo, dijo que hab\u00eda informado al presidente Danilo Medina de los esfuerzos de cooperaci\u00f3n para este proyecto.(HG)<\/span>.<\/p>\n<h6> 2013-11-14 18:32:07 <\/h6>\n<p><!--\n<link rel=\"stylesheet\" href=\"css\/bootstrap.min.css\">\n\n\n<ul class=\"pagination\">\n\t    \n\t\n\n<li >\n\t<a href='?page_no=14343'>Previous<\/a>\n\t<\/li>\n\n\n       \n    \n\n<li><a href='?page_no=1'>1<\/a><\/li>\n\n\n\n<li><a href='?page_no=2'>2<\/a><\/li>\n\n\n\n<li><a>...<\/a><\/li>\n\n\n\n<li><a href='?page_no=14342'>14342<\/a><\/li>\n\n\n\n<li><a href='?page_no=14343'>14343<\/a><\/li>\n\n\n\n<li class='active'><a>14344<\/a><\/li>\n\n\n\n<li><a href='?page_no=14345'>14345<\/a><\/li>\n\n\n\n<li><a href='?page_no=14346'>14346<\/a><\/li>\n\n\n\n<li><a>...<\/a><\/li>\n\n\n\n<li><a href='?page_no=30472'>30472<\/a><\/li>\n\n\n\n<li><a href='?page_no=30473'>30473<\/a><\/li>\n\n    \n\t\n\n<li >\n\t<a href='?page_no=14345'>Next<\/a>\n\t<\/li>\n\n\n    \n\n<li><a href='?page_no=30473'>Last &rsaquo;&rsaquo;<\/a><\/li>\n\n<\/ul>\n\n\n--><br \/>\n<\/body><\/p>\n","protected":false},"excerpt":{"rendered":"<p>Santo Domingo, RD, 14 de noviembre.-El Gobierno de Espa\u00f1a y la Universidad Complutense de Madrid apoyar\u00e1n a Rep\u00fablica Dominicana en la exploraci\u00f3n del fondo marino, para determinar riesgos s\u00edsmicos y las emanaciones de gas de la plataforma de San Pedro de Macor\u00eds. Se trata de la segunda fase de una campa\u00f1a que inici\u00f3 en el [&hellip;]<\/p>\n","protected":false},"author":3,"featured_media":0,"comment_status":"open","ping_status":"open","sticky":false,"template":"","format":"standard","meta":{"footnotes":""},"categories":[18],"tags":[],"class_list":["post-98825","post","type-post","status-publish","format-standard","hentry","category-economia"],"_links":{"self":[{"href":"https:\/\/diariodominicano.com\/index.php?rest_route=\/wp\/v2\/posts\/98825","targetHints":{"allow":["GET"]}}],"collection":[{"href":"https:\/\/diariodominicano.com\/index.php?rest_route=\/wp\/v2\/posts"}],"about":[{"href":"https:\/\/diariodominicano.com\/index.php?rest_route=\/wp\/v2\/types\/post"}],"author":[{"embeddable":true,"href":"https:\/\/diariodominicano.com\/index.php?rest_route=\/wp\/v2\/users\/3"}],"replies":[{"embeddable":true,"href":"https:\/\/diariodominicano.com\/index.php?rest_route=%2Fwp%2Fv2%2Fcomments&post=98825"}],"version-history":[{"count":0,"href":"https:\/\/diariodominicano.com\/index.php?rest_route=\/wp\/v2\/posts\/98825\/revisions"}],"wp:attachment":[{"href":"https:\/\/diariodominicano.com\/index.php?rest_route=%2Fwp%2Fv2%2Fmedia&parent=98825"}],"wp:term":[{"taxonomy":"category","embeddable":true,"href":"https:\/\/diariodominicano.com\/index.php?rest_route=%2Fwp%2Fv2%2Fcategories&post=98825"},{"taxonomy":"post_tag","embeddable":true,"href":"https:\/\/diariodominicano.com\/index.php?rest_route=%2Fwp%2Fv2%2Ftags&post=98825"}],"curies":[{"name":"wp","href":"https:\/\/api.w.org\/{rel}","templated":true}]}}