{"id":98822,"date":"2013-11-14T18:58:52","date_gmt":"2013-11-14T18:58:52","guid":{"rendered":"http:\/\/diariodominicano.ddns.net\/?p=98822"},"modified":"2013-11-14T18:58:52","modified_gmt":"2013-11-14T18:58:52","slug":"anuncian-convenio-para-apoyar-investigacion-y-mejorar-capacidad-productiva-en-el-sector-zonas-francas","status":"publish","type":"post","link":"https:\/\/diariodominicano.com\/?p=98822","title":{"rendered":"&#13;&#13;Anuncian convenio para apoyar investigaci\u00f3n y mejorar capacidad productiva en el sector Zonas Francas&#13;"},"content":{"rendered":"<p><body><\/p>\n<p><span class=\"text1noticias\">Santo Domingo, RD, 14 de Noviembre, CICOM.-El Ministerio de Educaci\u00f3n Superior, Ciencia y Tecnolog\u00eda (MESCYT), El Consejo Nacional de Zonas Francas de Exportaci\u00f3n (CNZFE) y la Asociaci\u00f3n Dominicana de Zonas Francas (ADOZONA), anunciaron un convenio de colaboraci\u00f3n interinstitucional para impulsar la investigaci\u00f3n aplicada, promover el  desarrollo tecnol\u00f3gico  y fortalecer los v\u00ednculos de las empresas con las instituciones acad\u00e9micas para mejorar la capacidad productiva  del pa\u00eds.<\/span><\/p>\n<\/p>\n<p><span class=\"text1noticias\">El acuerdo suscrito entre las tres entidades, plantea planificar y ejecutar conjuntamente actividades de divulgaci\u00f3n sobre diversos  programas que mantiene el MESCYT, incluyendo   el Programa de Vinculaci\u00f3n Universidad Empresa para la Innovaci\u00f3n, el Programa de Colocaci\u00f3n de Egresados de Becas Internacionales, Programa de Becas Nacionales e Internacionales y el Programa de Ingl\u00e9s de Inmersi\u00f3n para la Competitividad, en las empresas del sector de zonas francas en la Rep\u00fablica Dominicana.<\/span><\/p>\n<\/p>\n<p><span class=\"text1noticias\"> <\/span><\/p>\n<\/p>\n<p><span class=\"text1noticias\">Uno de los objetivos del acuerdo  es \u00abfortalecer los v\u00ednculos de las instituciones involucradas para el fomento de la tecnolog\u00eda y la innovaci\u00f3n, as\u00ed como  la integraci\u00f3n de las universidades y las empresas para lograr un aumento de la productividad y competitividad de ambos sectores\u00bb.<\/span><\/p>\n<\/p>\n<p><span class=\"text1noticias\">El protocolo de  colaboraci\u00f3n fue firmado durante un acto p\u00fablico por la doctora Ligia Amada Melo, ministra de Educaci\u00f3n Superior, Ciencia y Tecnolog\u00eda; la licenciada Luisa Fern\u00e1ndez, directora del Consejo Nacional de Zonas Francas de Exportaci\u00f3n; y el licenciado Aquiles Berm\u00fadez, presidente de la Asociaci\u00f3n Dominicana de Zonas Francas.<\/span><\/p>\n<\/p>\n<p><span class=\"text1noticias\">Las actividades contempladas  en  el acuerdo  estar\u00e1n dirigidas a todas las empresas de Zonas Francas del pa\u00eds e involucrar\u00e1n a otras instituciones interesadas en el tema, se precisa en el protocolo.<\/span><\/p>\n<\/p>\n<p><span class=\"text1noticias\"> <\/span><\/p>\n<h6> 2013-11-14 18:58:52 <\/h6>\n<p><!--\n<link rel=\"stylesheet\" href=\"css\/bootstrap.min.css\">\n\n\n<ul class=\"pagination\">\n\t    \n\t\n\n<li >\n\t<a href='?page_no=14340'>Previous<\/a>\n\t<\/li>\n\n\n       \n    \n\n<li><a href='?page_no=1'>1<\/a><\/li>\n\n\n\n<li><a href='?page_no=2'>2<\/a><\/li>\n\n\n\n<li><a>...<\/a><\/li>\n\n\n\n<li><a href='?page_no=14339'>14339<\/a><\/li>\n\n\n\n<li><a href='?page_no=14340'>14340<\/a><\/li>\n\n\n\n<li class='active'><a>14341<\/a><\/li>\n\n\n\n<li><a href='?page_no=14342'>14342<\/a><\/li>\n\n\n\n<li><a href='?page_no=14343'>14343<\/a><\/li>\n\n\n\n<li><a>...<\/a><\/li>\n\n\n\n<li><a href='?page_no=30472'>30472<\/a><\/li>\n\n\n\n<li><a href='?page_no=30473'>30473<\/a><\/li>\n\n    \n\t\n\n<li >\n\t<a href='?page_no=14342'>Next<\/a>\n\t<\/li>\n\n\n    \n\n<li><a href='?page_no=30473'>Last &rsaquo;&rsaquo;<\/a><\/li>\n\n<\/ul>\n\n\n--><br \/>\n<\/body><\/p>\n","protected":false},"excerpt":{"rendered":"<p>Santo Domingo, RD, 14 de Noviembre, CICOM.-El Ministerio de Educaci\u00f3n Superior, Ciencia y Tecnolog\u00eda (MESCYT), El Consejo Nacional de Zonas Francas de Exportaci\u00f3n (CNZFE) y la Asociaci\u00f3n Dominicana de Zonas Francas (ADOZONA), anunciaron un convenio de colaboraci\u00f3n interinstitucional para impulsar la investigaci\u00f3n aplicada, promover el desarrollo tecnol\u00f3gico y fortalecer los v\u00ednculos de las empresas con [&hellip;]<\/p>\n","protected":false},"author":3,"featured_media":0,"comment_status":"open","ping_status":"open","sticky":false,"template":"","format":"standard","meta":{"footnotes":""},"categories":[18],"tags":[],"class_list":["post-98822","post","type-post","status-publish","format-standard","hentry","category-economia"],"_links":{"self":[{"href":"https:\/\/diariodominicano.com\/index.php?rest_route=\/wp\/v2\/posts\/98822","targetHints":{"allow":["GET"]}}],"collection":[{"href":"https:\/\/diariodominicano.com\/index.php?rest_route=\/wp\/v2\/posts"}],"about":[{"href":"https:\/\/diariodominicano.com\/index.php?rest_route=\/wp\/v2\/types\/post"}],"author":[{"embeddable":true,"href":"https:\/\/diariodominicano.com\/index.php?rest_route=\/wp\/v2\/users\/3"}],"replies":[{"embeddable":true,"href":"https:\/\/diariodominicano.com\/index.php?rest_route=%2Fwp%2Fv2%2Fcomments&post=98822"}],"version-history":[{"count":0,"href":"https:\/\/diariodominicano.com\/index.php?rest_route=\/wp\/v2\/posts\/98822\/revisions"}],"wp:attachment":[{"href":"https:\/\/diariodominicano.com\/index.php?rest_route=%2Fwp%2Fv2%2Fmedia&parent=98822"}],"wp:term":[{"taxonomy":"category","embeddable":true,"href":"https:\/\/diariodominicano.com\/index.php?rest_route=%2Fwp%2Fv2%2Fcategories&post=98822"},{"taxonomy":"post_tag","embeddable":true,"href":"https:\/\/diariodominicano.com\/index.php?rest_route=%2Fwp%2Fv2%2Ftags&post=98822"}],"curies":[{"name":"wp","href":"https:\/\/api.w.org\/{rel}","templated":true}]}}