{"id":98821,"date":"2013-11-14T19:32:26","date_gmt":"2013-11-14T19:32:26","guid":{"rendered":"http:\/\/diariodominicano.ddns.net\/?p=98821"},"modified":"2013-11-14T19:32:26","modified_gmt":"2013-11-14T19:32:26","slug":"de-marchena-kaluche-cita-retos-del-pais-en-materia-de-transparencia-y-contrataciones-publicas","status":"publish","type":"post","link":"https:\/\/diariodominicano.com\/?p=98821","title":{"rendered":"&#13;De Marchena Kaluche cita retos del pa\u00eds en materia de transparencia y contrataciones p\u00fablicas"},"content":{"rendered":"<p><body><\/p>\n<p><img decoding=\"async\" src=\"img3\/marchena.jpg\" \/>  <\/p>\n<p><span class=\"text1noticias\">Santo Domingo, RD, 14 de Noviembre.-Uno de los grandes retos  que tiene por delante  el Estado  Dominicano es  alcanzar las metas de transparencia y profesionalidad en los procesos de licitaci\u00f3n y contrataciones p\u00fablicas conocidos en el pa\u00eds  y mejorar la representaci\u00f3n del Estado cuando los casos de  soluci\u00f3n de conflictos y controversias se ventilar  el extranjero.<\/span><\/p>\n<\/p>\n<p><span class=\"text1noticias\">La observaci\u00f3n fue planteada por el abogado especialista en litigio y arbitraje internacional, Enrique De Marche Kaluche durante la apertura del seminario \u00abInversi\u00f3n Extranjera y Protecci\u00f3n al Inversor en la Rep\u00fablica Dominicana\u00bb, organizado por la firma de abogados DMK ABOGADOS ? CENTRAL LAW, con los auspicios de la Fundaci\u00f3n Institucionalidad y Justicia (FINJUS) y la prestigiosa firma de abogados DLA PIPER US LLP, a trav\u00e9s de su oficina de Miami, Florida.<\/span><\/p>\n<\/p>\n<p><span class=\"text1noticias\">Tras se\u00f1alar que tanto la Rep\u00fablica Dominicana como el resto de los pa\u00edses de Am\u00e9rica Latina han tenido que hacer frente a una avalancha de demandas relacionadas con litigios y controversias econ\u00f3micas, De Marchena Kaluche explic\u00f3 que esencialmente se trata de reclamaciones e indemnizaciones interpuestas por empresas multinacionales contra estados soberanos ante instancias de arbitraje internacional que sit\u00faan a las partes en condiciones de igualdad.<\/span><\/p>\n<\/p>\n<p><span class=\"text1noticias\">Apunt\u00f3 que esa realidad \u00abse deriva de la suscripci\u00f3n por la mayor\u00eda de pa\u00edses latinoamericanos de acuerdos internacionales sobre inversi\u00f3n que recogen ese mecanismo para la soluci\u00f3n de diferencias entre inversores extranjeros y estados de acogida\u00bb.<\/span><\/p>\n<\/p>\n<p><span class=\"text1noticias\">\u00abPor lo anterior se hace claro y evidente que, fruto de la globalizaci\u00f3n y el libre transito de los capitales y de las ideas, ir\u00e1 en constante crecimiento el n\u00famero de conflictos que caer\u00e1n en la esfera transnacional, y que potencialmente dar\u00e1n lugar a litigios y arbitrajes internacionales, sin contar con las demandas Estado-Estado\u00bb, expres\u00f3 el jurista y ex presidente de la Asociaci\u00f3n de Hoteles y Turismo de la Rep\u00fablica Dominicana (ASONAHORES).<\/span><\/p>\n<\/p>\n<p><span class=\"text1noticias\">\u00abLa conclusi\u00f3n a la que arribamos, indic\u00f3 de Marchena, es que en transacciones que envuelvan al Estado con, personas f\u00edsicas y jur\u00eddicas de nacionalidad distinta a la nuestra, se har\u00e1, cada vez de uso m\u00e1s ordinario, el apoderamiento en caso de controversias, litigios o disputas, de tribunales extranjeros o de tribunales arbitrales internacionales\u00bb.(HG)<\/span>.<\/p>\n<h6> 2013-11-14 19:32:26 <\/h6>\n<p><!--\n<link rel=\"stylesheet\" href=\"css\/bootstrap.min.css\">\n\n\n<ul class=\"pagination\">\n\t    \n\t\n\n<li >\n\t<a href='?page_no=14339'>Previous<\/a>\n\t<\/li>\n\n\n       \n    \n\n<li><a href='?page_no=1'>1<\/a><\/li>\n\n\n\n<li><a href='?page_no=2'>2<\/a><\/li>\n\n\n\n<li><a>...<\/a><\/li>\n\n\n\n<li><a href='?page_no=14338'>14338<\/a><\/li>\n\n\n\n<li><a href='?page_no=14339'>14339<\/a><\/li>\n\n\n\n<li class='active'><a>14340<\/a><\/li>\n\n\n\n<li><a href='?page_no=14341'>14341<\/a><\/li>\n\n\n\n<li><a href='?page_no=14342'>14342<\/a><\/li>\n\n\n\n<li><a>...<\/a><\/li>\n\n\n\n<li><a href='?page_no=30472'>30472<\/a><\/li>\n\n\n\n<li><a href='?page_no=30473'>30473<\/a><\/li>\n\n    \n\t\n\n<li >\n\t<a href='?page_no=14341'>Next<\/a>\n\t<\/li>\n\n\n    \n\n<li><a href='?page_no=30473'>Last &rsaquo;&rsaquo;<\/a><\/li>\n\n<\/ul>\n\n\n--><br \/>\n<\/body><\/p>\n","protected":false},"excerpt":{"rendered":"<p>Santo Domingo, RD, 14 de Noviembre.-Uno de los grandes retos que tiene por delante el Estado Dominicano es alcanzar las metas de transparencia y profesionalidad en los procesos de licitaci\u00f3n y contrataciones p\u00fablicas conocidos en el pa\u00eds y mejorar la representaci\u00f3n del Estado cuando los casos de soluci\u00f3n de conflictos y controversias se ventilar el [&hellip;]<\/p>\n","protected":false},"author":3,"featured_media":0,"comment_status":"open","ping_status":"open","sticky":false,"template":"","format":"standard","meta":{"footnotes":""},"categories":[18],"tags":[],"class_list":["post-98821","post","type-post","status-publish","format-standard","hentry","category-economia"],"_links":{"self":[{"href":"https:\/\/diariodominicano.com\/index.php?rest_route=\/wp\/v2\/posts\/98821","targetHints":{"allow":["GET"]}}],"collection":[{"href":"https:\/\/diariodominicano.com\/index.php?rest_route=\/wp\/v2\/posts"}],"about":[{"href":"https:\/\/diariodominicano.com\/index.php?rest_route=\/wp\/v2\/types\/post"}],"author":[{"embeddable":true,"href":"https:\/\/diariodominicano.com\/index.php?rest_route=\/wp\/v2\/users\/3"}],"replies":[{"embeddable":true,"href":"https:\/\/diariodominicano.com\/index.php?rest_route=%2Fwp%2Fv2%2Fcomments&post=98821"}],"version-history":[{"count":0,"href":"https:\/\/diariodominicano.com\/index.php?rest_route=\/wp\/v2\/posts\/98821\/revisions"}],"wp:attachment":[{"href":"https:\/\/diariodominicano.com\/index.php?rest_route=%2Fwp%2Fv2%2Fmedia&parent=98821"}],"wp:term":[{"taxonomy":"category","embeddable":true,"href":"https:\/\/diariodominicano.com\/index.php?rest_route=%2Fwp%2Fv2%2Fcategories&post=98821"},{"taxonomy":"post_tag","embeddable":true,"href":"https:\/\/diariodominicano.com\/index.php?rest_route=%2Fwp%2Fv2%2Ftags&post=98821"}],"curies":[{"name":"wp","href":"https:\/\/api.w.org\/{rel}","templated":true}]}}