{"id":98818,"date":"2013-11-14T20:27:49","date_gmt":"2013-11-14T20:27:49","guid":{"rendered":"http:\/\/diariodominicano.ddns.net\/?p=98818"},"modified":"2013-11-14T20:27:49","modified_gmt":"2013-11-14T20:27:49","slug":"ministerio-economia-lanza-nuevo-portal-de-internet","status":"publish","type":"post","link":"https:\/\/diariodominicano.com\/?p=98818","title":{"rendered":"Ministerio Econom\u00eda lanza nuevo portal de Internet"},"content":{"rendered":"<p><body><\/p>\n<p><img decoding=\"async\" src=\"img3\/portal.jpg\" \/>  <\/p>\n<p><span class=\"text1noticias\">Santo Domingo, RD, 14 de Noviembre.-El Ministerio de Econom\u00eda, Planificaci\u00f3n y Desarrollo (MEPyD) puso en l\u00ednea este mi\u00e9rcoles una nueva p\u00e1gina Web de diagramaci\u00f3n adaptable a dispositivos m\u00f3viles como tabletas y smartphones, lo mismo que a computadoras tradicionales de escritorios.<\/span><\/p>\n<\/p>\n<p><span class=\"text1noticias\">La p\u00e1gina, de colores atractivos, incluye la difusi\u00f3n de v\u00eddeos de actividades de la instituci\u00f3n que as\u00ed lo requieran, adem\u00e1s enlaces a Youtube,  Facebook y Twitter, para una actividad interactiva permanente entre el Ministerio y los p\u00fablicos interesados en asuntos econ\u00f3micos, de planificaci\u00f3n y de desarrollo del pa\u00eds.<\/span><\/p>\n<\/p>\n<p><span class=\"text1noticias\">\u00abCon la puesta en l\u00ednea de este nuevo portal asumimos los retos que impone la comunicaci\u00f3n moderna, fortalecemos nuestra presencia en la Web y redes sociales y apostamos por una mejor y m\u00e1s efectiva rendici\u00f3n de cuentas y transparencia\u00bb, dijo el Ministro Tem\u00edstocles Mont\u00e1s en un sencillo acto en la sede de la instituci\u00f3n.<\/span><\/p>\n<\/p>\n<p><span class=\"text1noticias\">La nueva p\u00e1gina www.economia.gob.do es, por tanto, el resultado de un proceso orientado a fortalecer a\u00fan m\u00e1s los criterios institucionales, mediante una interacci\u00f3n m\u00e1s estrecha y amistosa con los usuarios, lo que reafirmar\u00e1 su percepci\u00f3n en torno a la imagen y el posicionamiento del Ministerio, agreg\u00f3 Mont\u00e1s. <\/span><\/p>\n<\/p>\n<p><span class=\"text1noticias\">Este reto asumido por la Unidad de Comunicaci\u00f3n Social, por instrucciones del ministro Mont\u00e1s, con el valioso apoyo de la Direcci\u00f3n de Tecnolog\u00eda del Ministerio, tuvo tambi\u00e9n el prop\u00f3sito de  fortalecer las capacidades internas en recursos humanos, t\u00e9cnicos y de log\u00edstica, con los cuales responder a las innovaciones constantes que en el \u00e1mbito de la comunicaci\u00f3n impone hoy esta era global.<\/span><\/p>\n<\/p>\n<p><span class=\"text1noticias\">\u00abEste ha sido un esfuerzo enteramente interno, sin otra inversi\u00f3n que no sea el talento t\u00e9cnico-profesional de personal especializado de este ministerio en las \u00e1reas de comunicaci\u00f3n y tecnolog\u00eda\u00bb, destac\u00f3 de manera especial el ministro Mont\u00e1s.<\/span><\/p>\n<\/p>\n<p><span class=\"text1noticias\"> El director de la Unidad, periodista Manuel Jim\u00e9nez dijo esperar que este nuevo dise\u00f1o satisfaga y facilite las necesidades informativas en econom\u00eda, planificaci\u00f3n y desarrollo del pa\u00eds por parte de los usuarios.<\/span><\/p>\n<\/p>\n<p><span class=\"text1noticias\">Tambi\u00e9n las expectativas de las distintas \u00e1reas del Ministerio, en esta primera etapa del proyecto, el cual ser\u00e1 mantenido en permanente actualizaci\u00f3n, en consistencia con los requerimientos de la instituci\u00f3n, agreg\u00f3 Jim\u00e9nez.(HG)<\/span>.<\/p>\n<\/p>\n<h6> 2013-11-14 20:27:49 <\/h6>\n<p><!--\n<link rel=\"stylesheet\" href=\"css\/bootstrap.min.css\">\n\n\n<ul class=\"pagination\">\n\t    \n\t\n\n<li >\n\t<a href='?page_no=14337'>Previous<\/a>\n\t<\/li>\n\n\n       \n    \n\n<li><a href='?page_no=1'>1<\/a><\/li>\n\n\n\n<li><a href='?page_no=2'>2<\/a><\/li>\n\n\n\n<li><a>...<\/a><\/li>\n\n\n\n<li><a href='?page_no=14336'>14336<\/a><\/li>\n\n\n\n<li><a href='?page_no=14337'>14337<\/a><\/li>\n\n\n\n<li class='active'><a>14338<\/a><\/li>\n\n\n\n<li><a href='?page_no=14339'>14339<\/a><\/li>\n\n\n\n<li><a href='?page_no=14340'>14340<\/a><\/li>\n\n\n\n<li><a>...<\/a><\/li>\n\n\n\n<li><a href='?page_no=30472'>30472<\/a><\/li>\n\n\n\n<li><a href='?page_no=30473'>30473<\/a><\/li>\n\n    \n\t\n\n<li >\n\t<a href='?page_no=14339'>Next<\/a>\n\t<\/li>\n\n\n    \n\n<li><a href='?page_no=30473'>Last &rsaquo;&rsaquo;<\/a><\/li>\n\n<\/ul>\n\n\n--><br \/>\n<\/body><\/p>\n","protected":false},"excerpt":{"rendered":"<p>Santo Domingo, RD, 14 de Noviembre.-El Ministerio de Econom\u00eda, Planificaci\u00f3n y Desarrollo (MEPyD) puso en l\u00ednea este mi\u00e9rcoles una nueva p\u00e1gina Web de diagramaci\u00f3n adaptable a dispositivos m\u00f3viles como tabletas y smartphones, lo mismo que a computadoras tradicionales de escritorios. La p\u00e1gina, de colores atractivos, incluye la difusi\u00f3n de v\u00eddeos de actividades de la instituci\u00f3n [&hellip;]<\/p>\n","protected":false},"author":3,"featured_media":0,"comment_status":"open","ping_status":"open","sticky":false,"template":"","format":"standard","meta":{"footnotes":""},"categories":[18],"tags":[],"class_list":["post-98818","post","type-post","status-publish","format-standard","hentry","category-economia"],"_links":{"self":[{"href":"https:\/\/diariodominicano.com\/index.php?rest_route=\/wp\/v2\/posts\/98818","targetHints":{"allow":["GET"]}}],"collection":[{"href":"https:\/\/diariodominicano.com\/index.php?rest_route=\/wp\/v2\/posts"}],"about":[{"href":"https:\/\/diariodominicano.com\/index.php?rest_route=\/wp\/v2\/types\/post"}],"author":[{"embeddable":true,"href":"https:\/\/diariodominicano.com\/index.php?rest_route=\/wp\/v2\/users\/3"}],"replies":[{"embeddable":true,"href":"https:\/\/diariodominicano.com\/index.php?rest_route=%2Fwp%2Fv2%2Fcomments&post=98818"}],"version-history":[{"count":0,"href":"https:\/\/diariodominicano.com\/index.php?rest_route=\/wp\/v2\/posts\/98818\/revisions"}],"wp:attachment":[{"href":"https:\/\/diariodominicano.com\/index.php?rest_route=%2Fwp%2Fv2%2Fmedia&parent=98818"}],"wp:term":[{"taxonomy":"category","embeddable":true,"href":"https:\/\/diariodominicano.com\/index.php?rest_route=%2Fwp%2Fv2%2Fcategories&post=98818"},{"taxonomy":"post_tag","embeddable":true,"href":"https:\/\/diariodominicano.com\/index.php?rest_route=%2Fwp%2Fv2%2Ftags&post=98818"}],"curies":[{"name":"wp","href":"https:\/\/api.w.org\/{rel}","templated":true}]}}