{"id":98815,"date":"2013-11-15T15:18:55","date_gmt":"2013-11-15T15:18:55","guid":{"rendered":"http:\/\/diariodominicano.ddns.net\/?p=98815"},"modified":"2013-11-15T15:18:55","modified_gmt":"2013-11-15T15:18:55","slug":"grupo-de-empresas-dominicanas-buscan-comercializar-productos-en-cuba","status":"publish","type":"post","link":"https:\/\/diariodominicano.com\/?p=98815","title":{"rendered":"Grupo de empresas dominicanas buscan comercializar productos en Cuba"},"content":{"rendered":"<p><body><\/p>\n<p>Santo Domingo RD 15 noviembre.- El gobierno dominicano, a trav\u00e9s del Centro de Exportaci\u00f3n e Inversi\u00f3n de la Rep\u00fablica Dominicana (CEI-RD) visito Cuba conjuntamente con una misi\u00f3n comercial de empresarios, con el objetivo de  aumentar las exportaciones del pa\u00eds  hacia el Caribe.<\/p>\n<\/p>\n<p>El Director Ejecutivo del CEI-RD, el Dr. Jean Alain Rodr\u00edguez, acompa\u00f1ado por el Embajador dominicano en Cuba, Dr. Jos\u00e9 Manuel Castillo Betances, encabez\u00f3 la misi\u00f3n donde participaron 16 empresas y agotaron una extensa agenda de reuniones con representantes del Gobierno Cubano y Directores de Distribuidoras de tiendas publicas de Cuba, con la finalidad de fortalecer las relaciones comerciales entre ambas naciones y buscar oportunidades de negocios, procurando facilitar el acceso a este mercado y los procesos de negociaciones a nuestros empresarios.<\/p>\n<\/p>\n<p>La misi\u00f3n comercial acompa\u00f1ada por el CEI-RD y la Embajada Dominicana en Cuba sostuvo reuniones de trabajo con las importadoras y distribuidoras m\u00e1s importantes de la Rep\u00fablica de Cuba, como son las cadenas de tiendas CIMEX, Caracol, TRD Caribe, as\u00ed como con el Grupo Empresarial del Turismo (ITH), quienes representan m\u00e1s de 10,000 tiendas al detalle en Cuba.<\/p>\n<\/p>\n<p>Sus representantes acogieron los productos dominicanos y sumo inter\u00e9s, lo cual permiti\u00f3 a los empresarios promover cada uno de los art\u00edculos que se producen en el pa\u00eds y entregar muestras, resaltando como logro inmediato de la misi\u00f3n que estas empresas lograron ser inclu\u00eddas en los listados de elegibles para agotar procesos de licitaci\u00f3n de ese pa\u00eds para negocios en el corto y mediano plazo.<\/p>\n<\/p>\n<p>El director del CEI-RD  a trav\u00e9s de un comunicado inform\u00f3 que en los pr\u00f3ximos 60 d\u00edas se recibir\u00e1 en el pa\u00eds una delegaci\u00f3n cubana para adquirir y exportar m\u00e1s productos.<\/p>\n<\/p>\n<p>De igual forma, inform\u00f3 que bajo la coordinaci\u00f3n del CEI-RD  junto a la Agencia de Desarrollo Caribbean Export (CEDA) las 16 empresas dominicanas participaron en la XXXI edici\u00f3n de la Feria Internacional de la Habana 2013 (\u00abFIHAV 2013\u00bb), la cual cont\u00f3 con mas de 4,500 expositores y fue visitada por m\u00e1s de 150,000 personas.<\/p>\n<\/p>\n<p>Dentro de las empresas que estuvieron presentes junto al CEI-RD se destacaron las empresas Termo Envases, Halka Industrial, Laboratorio Dr. Collado, Q &amp; S Laboratorio, Cosm\u00e9ticos del Mundo y Schuca, quienes exhibieron sus productos en el Pabell\u00f3n del Caribe y gracias a esta participaci\u00f3n y facilitaci\u00f3n del gobierno estas se encuentran en proceso de negociaci\u00f3n y cierre de contratos para exportar productos de belleza, productos capilares, cosm\u00e9ticos, pl\u00e1sticos desechables, y productos agro-procesados como colorantes  y saborizantes.<\/p>\n<\/p>\n<p>La misi\u00f3n comercial a Cuba forma parte de una nueva estrategia que desarrolla el gobierno dominicano a trav\u00e9s del CEI-RD y el Ministerio de Relaciones Exteriores (MIREX) para aumentar nuestras exportaciones. \u00abDesde esta fecha y durante el pr\u00f3ximo a\u00f1o, junto al MIREX y todos los productores que deseen acompa\u00f1arnos, estaremos visitando las autoridades y potenciales compradores de las islas del Caribe para promover nuestros productos, prest\u00e1ndoles toda la asistencia que puedan necesitar para lograr cerrar contratos\u00bb, expres\u00f3 Jean Alain Rodr\u00edguez, Director Ejecutivo del CEI-RD.<\/p>\n<h6> 2013-11-15 15:18:55 <\/h6>\n<p><!--\n<link rel=\"stylesheet\" href=\"css\/bootstrap.min.css\">\n\n\n<ul class=\"pagination\">\n\t    \n\t\n\n<li >\n\t<a href='?page_no=14334'>Previous<\/a>\n\t<\/li>\n\n\n       \n    \n\n<li><a href='?page_no=1'>1<\/a><\/li>\n\n\n\n<li><a href='?page_no=2'>2<\/a><\/li>\n\n\n\n<li><a>...<\/a><\/li>\n\n\n\n<li><a href='?page_no=14333'>14333<\/a><\/li>\n\n\n\n<li><a href='?page_no=14334'>14334<\/a><\/li>\n\n\n\n<li class='active'><a>14335<\/a><\/li>\n\n\n\n<li><a href='?page_no=14336'>14336<\/a><\/li>\n\n\n\n<li><a href='?page_no=14337'>14337<\/a><\/li>\n\n\n\n<li><a>...<\/a><\/li>\n\n\n\n<li><a href='?page_no=30472'>30472<\/a><\/li>\n\n\n\n<li><a href='?page_no=30473'>30473<\/a><\/li>\n\n    \n\t\n\n<li >\n\t<a href='?page_no=14336'>Next<\/a>\n\t<\/li>\n\n\n    \n\n<li><a href='?page_no=30473'>Last &rsaquo;&rsaquo;<\/a><\/li>\n\n<\/ul>\n\n\n--><br \/>\n<\/body><\/p>\n","protected":false},"excerpt":{"rendered":"<p>Santo Domingo RD 15 noviembre.- El gobierno dominicano, a trav\u00e9s del Centro de Exportaci\u00f3n e Inversi\u00f3n de la Rep\u00fablica Dominicana (CEI-RD) visito Cuba conjuntamente con una misi\u00f3n comercial de empresarios, con el objetivo de aumentar las exportaciones del pa\u00eds hacia el Caribe. El Director Ejecutivo del CEI-RD, el Dr. Jean Alain Rodr\u00edguez, acompa\u00f1ado por el [&hellip;]<\/p>\n","protected":false},"author":3,"featured_media":0,"comment_status":"open","ping_status":"open","sticky":false,"template":"","format":"standard","meta":{"footnotes":""},"categories":[18],"tags":[],"class_list":["post-98815","post","type-post","status-publish","format-standard","hentry","category-economia"],"_links":{"self":[{"href":"https:\/\/diariodominicano.com\/index.php?rest_route=\/wp\/v2\/posts\/98815","targetHints":{"allow":["GET"]}}],"collection":[{"href":"https:\/\/diariodominicano.com\/index.php?rest_route=\/wp\/v2\/posts"}],"about":[{"href":"https:\/\/diariodominicano.com\/index.php?rest_route=\/wp\/v2\/types\/post"}],"author":[{"embeddable":true,"href":"https:\/\/diariodominicano.com\/index.php?rest_route=\/wp\/v2\/users\/3"}],"replies":[{"embeddable":true,"href":"https:\/\/diariodominicano.com\/index.php?rest_route=%2Fwp%2Fv2%2Fcomments&post=98815"}],"version-history":[{"count":0,"href":"https:\/\/diariodominicano.com\/index.php?rest_route=\/wp\/v2\/posts\/98815\/revisions"}],"wp:attachment":[{"href":"https:\/\/diariodominicano.com\/index.php?rest_route=%2Fwp%2Fv2%2Fmedia&parent=98815"}],"wp:term":[{"taxonomy":"category","embeddable":true,"href":"https:\/\/diariodominicano.com\/index.php?rest_route=%2Fwp%2Fv2%2Fcategories&post=98815"},{"taxonomy":"post_tag","embeddable":true,"href":"https:\/\/diariodominicano.com\/index.php?rest_route=%2Fwp%2Fv2%2Ftags&post=98815"}],"curies":[{"name":"wp","href":"https:\/\/api.w.org\/{rel}","templated":true}]}}