{"id":98813,"date":"2013-11-15T19:03:20","date_gmt":"2013-11-15T19:03:20","guid":{"rendered":"http:\/\/diariodominicano.ddns.net\/?p=98813"},"modified":"2013-11-15T19:03:20","modified_gmt":"2013-11-15T19:03:20","slug":"bichara-dice-en-la-uasd-que-el-pais-no-puede-dilatar-mas-proceso-construccion-plantas-a-carbon","status":"publish","type":"post","link":"https:\/\/diariodominicano.com\/?p=98813","title":{"rendered":"&#13;Bichara dice en la UASD que el pa\u00eds no puede dilatar m\u00e1s proceso construcci\u00f3n plantas a carb\u00f3n"},"content":{"rendered":"<p><body><\/p>\n<\/p>\n<\/p>\n<p><span class=\"text1noticias\">Santo Domingo, RD, 15 de noviembre.- La Rep\u00fablica Dominicana no puede dilatar m\u00e1s el proceso de construcci\u00f3n de dos plantas a carb\u00f3n que generar\u00e1n 600 megavatios imperiosos para poder avanzar en el desarrollo industrial del pa\u00eds, plante\u00f3 el vicepresidente de la Corporaci\u00f3n Dominicana de Empresas El\u00e9ctricas Estatales (CDEEE).<\/span><\/p>\n<\/p>\n<p><span class=\"text1noticias\">El licenciado Rub\u00e9n Jim\u00e9nez Bichara hizo el planteamiento desde el auditorio Ricardo Michel de la Facultad de Ciencias Econ\u00f3micas y Sociales, donde pronunci\u00f3 la conferencia magistral \u00abSistema El\u00e9ctrico Dominicano. Su Realidad y Soluciones\u00bb, durante una actividad encabezada por el rector de la academia, maestro  Mateo Aquino Febrillet.<\/span><\/p>\n<\/p>\n<p><span class=\"text1noticias\">Jim\u00e9nez Bichara sostuvo que si se unen voluntades habr\u00e1 soluci\u00f3n al problema el\u00e9ctrico en el tiempo que se necesita.<\/span><\/p>\n<\/p>\n<p><span class=\"text1noticias\">El funcionario gubernamental dijo reconocer que todo el que ha pasado por la CDEEE ha mostrado inter\u00e9s real y sincero en solucionar el problema el\u00e9ctrico, el cual envuelve una serie de complejidades e intereses que afectan el desarrollo del pa\u00eds.<\/span><\/p>\n<\/p>\n<p><span class=\"text1noticias\">P\u00e9rdidas<\/span><\/p>\n<\/p>\n<p><span class=\"text1noticias\">Pas\u00f3 revista a la historia del sistema el\u00e9ctrico en Rep\u00fablica Dominicana, cuyos problemas principales se remontan a la \u00e9poca en que el tirano Rafael Le\u00f3nidas Trujillo estatiz\u00f3 el sistema, con lo cual empez\u00f3 una cultura de burlar el servicio energ\u00e9tico sin pagar.<\/span><\/p>\n<\/p>\n<p><span class=\"text1noticias\">En ese sentido, cit\u00f3 que al d\u00eda de hoy el problema persiste, porque pese a los esfuerzos que se hacen a\u00fan se pierde un 36 % de la energ\u00eda que compra la CDEEE.<\/span><\/p>\n<\/p>\n<p><span class=\"text1noticias\">Resalt\u00f3 que la CDEEE ha pagado mil 500 millones de d\u00f3lares a los generadores el\u00e9ctricos, al cual apenas le adeudan 787.9 millones.<\/span><\/p>\n<\/p>\n<\/p>\n<p><span class=\"text1noticias\">Plan Integral<\/span><\/p>\n<\/p>\n<p><span class=\"text1noticias\">Al reconocer que no hay medidas que por s\u00ed solas arrojen soluci\u00f3n al problema el\u00e9ctrico en el pa\u00eds, el licenciado Jim\u00e9nez Bichara explic\u00f3 no obstante,  que las autoridades trabajan en un plan integral que abarca desde el cambio de matriz, la reducci\u00f3n de las p\u00e9rdidas a trav\u00e9s de las autopistas el\u00e9ctricas y la eficiencia en las cobranzas.<\/span><\/p>\n<\/p>\n<p><span class=\"text1noticias\">Agradeci\u00f3 el apoyo que le ha ofrecido la UASD durante su gesti\u00f3n al frente de la CDEEE.<\/span><\/p>\n<\/p>\n<p><span class=\"text1noticias\">La disertaci\u00f3n del vicepresidente de la CDEEE se enmarca dentro de un ciclo de conferencias magistrales que organiz\u00f3 la Escuela de Contabilidad de la Facultad de Ciencias Econ\u00f3micas y Sociales de la Primada de Am\u00e9rica.<\/span><\/p>\n<p><span class=\"text1noticias\"> <\/span><\/p>\n<\/p>\n<h6> 2013-11-15 19:03:20 <\/h6>\n<p><!--\n<link rel=\"stylesheet\" href=\"css\/bootstrap.min.css\">\n\n\n<ul class=\"pagination\">\n\t    \n\t\n\n<li >\n\t<a href='?page_no=14332'>Previous<\/a>\n\t<\/li>\n\n\n       \n    \n\n<li><a href='?page_no=1'>1<\/a><\/li>\n\n\n\n<li><a href='?page_no=2'>2<\/a><\/li>\n\n\n\n<li><a>...<\/a><\/li>\n\n\n\n<li><a href='?page_no=14331'>14331<\/a><\/li>\n\n\n\n<li><a href='?page_no=14332'>14332<\/a><\/li>\n\n\n\n<li class='active'><a>14333<\/a><\/li>\n\n\n\n<li><a href='?page_no=14334'>14334<\/a><\/li>\n\n\n\n<li><a href='?page_no=14335'>14335<\/a><\/li>\n\n\n\n<li><a>...<\/a><\/li>\n\n\n\n<li><a href='?page_no=30472'>30472<\/a><\/li>\n\n\n\n<li><a href='?page_no=30473'>30473<\/a><\/li>\n\n    \n\t\n\n<li >\n\t<a href='?page_no=14334'>Next<\/a>\n\t<\/li>\n\n\n    \n\n<li><a href='?page_no=30473'>Last &rsaquo;&rsaquo;<\/a><\/li>\n\n<\/ul>\n\n\n--><br \/>\n<\/body><\/p>\n","protected":false},"excerpt":{"rendered":"<p>Santo Domingo, RD, 15 de noviembre.- La Rep\u00fablica Dominicana no puede dilatar m\u00e1s el proceso de construcci\u00f3n de dos plantas a carb\u00f3n que generar\u00e1n 600 megavatios imperiosos para poder avanzar en el desarrollo industrial del pa\u00eds, plante\u00f3 el vicepresidente de la Corporaci\u00f3n Dominicana de Empresas El\u00e9ctricas Estatales (CDEEE). El licenciado Rub\u00e9n Jim\u00e9nez Bichara hizo el [&hellip;]<\/p>\n","protected":false},"author":3,"featured_media":0,"comment_status":"open","ping_status":"open","sticky":false,"template":"","format":"standard","meta":{"footnotes":""},"categories":[18],"tags":[],"class_list":["post-98813","post","type-post","status-publish","format-standard","hentry","category-economia"],"_links":{"self":[{"href":"https:\/\/diariodominicano.com\/index.php?rest_route=\/wp\/v2\/posts\/98813","targetHints":{"allow":["GET"]}}],"collection":[{"href":"https:\/\/diariodominicano.com\/index.php?rest_route=\/wp\/v2\/posts"}],"about":[{"href":"https:\/\/diariodominicano.com\/index.php?rest_route=\/wp\/v2\/types\/post"}],"author":[{"embeddable":true,"href":"https:\/\/diariodominicano.com\/index.php?rest_route=\/wp\/v2\/users\/3"}],"replies":[{"embeddable":true,"href":"https:\/\/diariodominicano.com\/index.php?rest_route=%2Fwp%2Fv2%2Fcomments&post=98813"}],"version-history":[{"count":0,"href":"https:\/\/diariodominicano.com\/index.php?rest_route=\/wp\/v2\/posts\/98813\/revisions"}],"wp:attachment":[{"href":"https:\/\/diariodominicano.com\/index.php?rest_route=%2Fwp%2Fv2%2Fmedia&parent=98813"}],"wp:term":[{"taxonomy":"category","embeddable":true,"href":"https:\/\/diariodominicano.com\/index.php?rest_route=%2Fwp%2Fv2%2Fcategories&post=98813"},{"taxonomy":"post_tag","embeddable":true,"href":"https:\/\/diariodominicano.com\/index.php?rest_route=%2Fwp%2Fv2%2Ftags&post=98813"}],"curies":[{"name":"wp","href":"https:\/\/api.w.org\/{rel}","templated":true}]}}