{"id":98811,"date":"2013-11-16T02:25:22","date_gmt":"2013-11-16T02:25:22","guid":{"rendered":"http:\/\/diariodominicano.ddns.net\/?p=98811"},"modified":"2013-11-16T02:25:22","modified_gmt":"2013-11-16T02:25:22","slug":"ministerio-de-hacienda-adelanta-la-fecha-de-pago-a-los-pensionados-y-jubilados-civiles-del-estado","status":"publish","type":"post","link":"https:\/\/diariodominicano.com\/?p=98811","title":{"rendered":"Ministerio de Hacienda adelanta la fecha de pago a los pensionados y jubilados civiles del Estado"},"content":{"rendered":"<p><body><\/p>\n<\/p>\n<p><span class=\"text1noticias\">SANTO DOMINGO, RD, 16 de Noviembre.- El Ministerio de Hacienda anunci\u00f3  ayer  que pagar\u00e1 a los pensionados y jubilados civiles del Estado,  los d\u00edas 18 de cada mes,  a trav\u00e9s del Banco de Reservas de la Rep\u00fablica Dominicana.<\/span><\/p>\n<\/p>\n<p><span class=\"text1noticias\">La informaci\u00f3n fue suministrada a trav\u00e9s de  la Direcci\u00f3n General  de Jubilaciones y Pensiones a Cargo del Estado.<\/span><\/p>\n<\/p>\n<p><span class=\"text1noticias\">La decisi\u00f3n fue adoptada previa coordinaci\u00f3n del Banco de Reservas, la Tesorer\u00eda Nacional y el Ministerio de Hacienda, con la finalidad de descongestionar las oficinas y sucursales de Banreservas en todo el pa\u00eds.<\/span><\/p>\n<\/p>\n<p><span class=\"text1noticias\">Asimismo, para facilitar el cobro de sus pensiones a miles de personas con dificultades de salud.<\/span><\/p>\n<\/p>\n<p><span class=\"text1noticias\">Los pensionados podr\u00e1n acudir a las sucursales de Banreservas a cobrar sus sueldos a partir del lunes 18 de este mes.<\/span><\/p>\n<\/p>\n<\/p>\n<\/p>\n<h6> 2013-11-16 02:25:22 <\/h6>\n<p><!--\n<link rel=\"stylesheet\" href=\"css\/bootstrap.min.css\">\n\n\n<ul class=\"pagination\">\n\t    \n\t\n\n<li >\n\t<a href='?page_no=14330'>Previous<\/a>\n\t<\/li>\n\n\n       \n    \n\n<li><a href='?page_no=1'>1<\/a><\/li>\n\n\n\n<li><a href='?page_no=2'>2<\/a><\/li>\n\n\n\n<li><a>...<\/a><\/li>\n\n\n\n<li><a href='?page_no=14329'>14329<\/a><\/li>\n\n\n\n<li><a href='?page_no=14330'>14330<\/a><\/li>\n\n\n\n<li class='active'><a>14331<\/a><\/li>\n\n\n\n<li><a href='?page_no=14332'>14332<\/a><\/li>\n\n\n\n<li><a href='?page_no=14333'>14333<\/a><\/li>\n\n\n\n<li><a>...<\/a><\/li>\n\n\n\n<li><a href='?page_no=30472'>30472<\/a><\/li>\n\n\n\n<li><a href='?page_no=30473'>30473<\/a><\/li>\n\n    \n\t\n\n<li >\n\t<a href='?page_no=14332'>Next<\/a>\n\t<\/li>\n\n\n    \n\n<li><a href='?page_no=30473'>Last &rsaquo;&rsaquo;<\/a><\/li>\n\n<\/ul>\n\n\n--><br \/>\n<\/body><\/p>\n","protected":false},"excerpt":{"rendered":"<p>SANTO DOMINGO, RD, 16 de Noviembre.- El Ministerio de Hacienda anunci\u00f3 ayer que pagar\u00e1 a los pensionados y jubilados civiles del Estado, los d\u00edas 18 de cada mes, a trav\u00e9s del Banco de Reservas de la Rep\u00fablica Dominicana. La informaci\u00f3n fue suministrada a trav\u00e9s de la Direcci\u00f3n General de Jubilaciones y Pensiones a Cargo del [&hellip;]<\/p>\n","protected":false},"author":3,"featured_media":0,"comment_status":"open","ping_status":"open","sticky":false,"template":"","format":"standard","meta":{"footnotes":""},"categories":[18],"tags":[],"class_list":["post-98811","post","type-post","status-publish","format-standard","hentry","category-economia"],"_links":{"self":[{"href":"https:\/\/diariodominicano.com\/index.php?rest_route=\/wp\/v2\/posts\/98811","targetHints":{"allow":["GET"]}}],"collection":[{"href":"https:\/\/diariodominicano.com\/index.php?rest_route=\/wp\/v2\/posts"}],"about":[{"href":"https:\/\/diariodominicano.com\/index.php?rest_route=\/wp\/v2\/types\/post"}],"author":[{"embeddable":true,"href":"https:\/\/diariodominicano.com\/index.php?rest_route=\/wp\/v2\/users\/3"}],"replies":[{"embeddable":true,"href":"https:\/\/diariodominicano.com\/index.php?rest_route=%2Fwp%2Fv2%2Fcomments&post=98811"}],"version-history":[{"count":0,"href":"https:\/\/diariodominicano.com\/index.php?rest_route=\/wp\/v2\/posts\/98811\/revisions"}],"wp:attachment":[{"href":"https:\/\/diariodominicano.com\/index.php?rest_route=%2Fwp%2Fv2%2Fmedia&parent=98811"}],"wp:term":[{"taxonomy":"category","embeddable":true,"href":"https:\/\/diariodominicano.com\/index.php?rest_route=%2Fwp%2Fv2%2Fcategories&post=98811"},{"taxonomy":"post_tag","embeddable":true,"href":"https:\/\/diariodominicano.com\/index.php?rest_route=%2Fwp%2Fv2%2Ftags&post=98811"}],"curies":[{"name":"wp","href":"https:\/\/api.w.org\/{rel}","templated":true}]}}