{"id":98808,"date":"2013-11-16T14:48:47","date_gmt":"2013-11-16T14:48:47","guid":{"rendered":"http:\/\/diariodominicano.ddns.net\/?p=98808"},"modified":"2013-11-16T14:48:47","modified_gmt":"2013-11-16T14:48:47","slug":"ministro-de-agricultura-dice-aportes-del-cultivo-alcanzaran-300-millones-de-dolares-de-divisas-en-2013","status":"publish","type":"post","link":"https:\/\/diariodominicano.com\/?p=98808","title":{"rendered":"Ministro de Agricultura dice aportes del cultivo alcanzar\u00e1n 300 millones de d\u00f3lares de divisas en 2013&#13;"},"content":{"rendered":"<p><body><\/p>\n<p><img decoding=\"async\" src=\"img3\/guineos.jpg\" \/>  <\/p>\n<p><span class=\"text1noticias\">Mao, Valverde, RD, 16 de Noviembre.- El ministro de Agricultura, Luis Ram\u00f3n Rodr\u00edguez asegur\u00f3 aqu\u00ed que la aplicaci\u00f3n de nuevas y modernas tecnolog\u00edas en la producci\u00f3n agropecuaria contribuir\u00e1 a incrementar las exportaciones de banano, que este a\u00f1o rondar\u00e1 por entre los 200 y 300 millones de d\u00f3lares.<\/span><\/p>\n<\/p>\n<p><span class=\"text1noticias\">Rodr\u00edguez explic\u00f3 que con la  adopci\u00f3n de innovaciones tecnol\u00f3gicas no s\u00f3lo se incrementar\u00e1 la producci\u00f3n bananera de la L\u00ednea Noroeste y otras zonas del pa\u00eds, sino de otros rubros agr\u00edcolas como el  arroz, vegetales, hortalizas y v\u00edveres.<\/span><\/p>\n<\/p>\n<p><span class=\"text1noticias\">El funcionario pronunci\u00f3 un discurso durante la apertura de la feria Expo Valverde 2013, donde particip\u00f3 como orador principal y disert\u00f3 sobre el tema \u00abProceso de adopci\u00f3n  de tecnolog\u00edas como elemento importante para alcanzar  la competividad en el sector agropecuario\u00bb.<\/span><\/p>\n<p><span class=\"text1noticias\"> <\/span><\/p>\n<p><span class=\"text1noticias\">Rodr\u00edguez dijo que adem\u00e1s de  incrementar la producci\u00f3n y exportaci\u00f3n de banano, con la aplicaci\u00f3n de tecnolog\u00edas se logra la competividad diversificando la comercializaci\u00f3n  de los bienes  primarios que se cultivan en   la zona.<\/span><\/p>\n<\/p>\n<p><span class=\"text1noticias\">\u00abNosotros podemos mejorar la competitividad a trav\u00e9s de la industrializaci\u00f3n de los bienes primarios  que se producen en la zona, como la leche, el queso,  el yogurt y el banano\u00bb, expres\u00f3 el ministro de Agricultura, tras exhortar  a cambiar la venta de arroz a envase de dos, cinco y diez libras, en vez de un saco de 125 libras.<\/span><\/p>\n<\/p>\n<p><span class=\"text1noticias\"> Dijo Rodr\u00edguez que en la Rep\u00fablica Dominicana, la actividad agropecuaria tiene una importancia capital en la seguridad alimentaria, la creaci\u00f3n de empleos, la generaci\u00f3n de divisas y la conservaci\u00f3n de los recursos naturales, especialmente las cuencas hidrogr\u00e1ficas.<\/span><\/p>\n<\/p>\n<p><span class=\"text1noticias\">Al destacar la importancia de la producci\u00f3n de arroz de la L\u00ednea Noroeste, Rodr\u00edguez record\u00f3 que en la zona tambi\u00e9n se produce el 90 por ciento del banano  org\u00e1nico que se exporta hacia el mercado europeo.<\/span><\/p>\n<\/p>\n<p><span class=\"text1noticias\">Dijo que   para mejorar la producci\u00f3n de banano, ese sector fue favorecido por el presidente Danilo Medina con un pr\u00e9stamo a trav\u00e9s del banco Agr\u00edcola por un monto de 400 millones de pesos.<\/span><\/p>\n<\/p>\n<p><span class=\"text1noticias\">El sector bananero se consolida como uno de los m\u00e1s importantes de la producci\u00f3n agropecuaria nacional, gracias a los planes y  programas de apoyo a los productores que implementa el Ministerio de Agricultura.<\/span><\/p>\n<\/p>\n<p><span class=\"text1noticias\">Explica que fruto de esa pol\u00edtica, el 2013 que transcurre  se proyecta  como a\u00f1o de la expansi\u00f3n de ese importante  cultivo, del que se espera un incremento en la generaci\u00f3n de divisas a favor del pa\u00eds.<\/span><\/p>\n<\/p>\n<p><span class=\"text1noticias\">Rodr\u00edguez dijo que con  el incremento de las \u00e1reas de siembra y los controles sanitarios que lleva a cabo Agricultura, conjuntamente con los productores, se espera que en el 2013 se eleve a m\u00e1s de 330 mil las toneladas exportadas de la fruta.(HG)<\/span>. <\/p>\n<\/p>\n<h6> 2013-11-16 14:48:47 <\/h6>\n<p><!--\n<link rel=\"stylesheet\" href=\"css\/bootstrap.min.css\">\n\n\n<ul class=\"pagination\">\n\t    \n\t\n\n<li >\n\t<a href='?page_no=14328'>Previous<\/a>\n\t<\/li>\n\n\n       \n    \n\n<li><a href='?page_no=1'>1<\/a><\/li>\n\n\n\n<li><a href='?page_no=2'>2<\/a><\/li>\n\n\n\n<li><a>...<\/a><\/li>\n\n\n\n<li><a href='?page_no=14327'>14327<\/a><\/li>\n\n\n\n<li><a href='?page_no=14328'>14328<\/a><\/li>\n\n\n\n<li class='active'><a>14329<\/a><\/li>\n\n\n\n<li><a href='?page_no=14330'>14330<\/a><\/li>\n\n\n\n<li><a href='?page_no=14331'>14331<\/a><\/li>\n\n\n\n<li><a>...<\/a><\/li>\n\n\n\n<li><a href='?page_no=30472'>30472<\/a><\/li>\n\n\n\n<li><a href='?page_no=30473'>30473<\/a><\/li>\n\n    \n\t\n\n<li >\n\t<a href='?page_no=14330'>Next<\/a>\n\t<\/li>\n\n\n    \n\n<li><a href='?page_no=30473'>Last &rsaquo;&rsaquo;<\/a><\/li>\n\n<\/ul>\n\n\n--><br \/>\n<\/body><\/p>\n","protected":false},"excerpt":{"rendered":"<p>Mao, Valverde, RD, 16 de Noviembre.- El ministro de Agricultura, Luis Ram\u00f3n Rodr\u00edguez asegur\u00f3 aqu\u00ed que la aplicaci\u00f3n de nuevas y modernas tecnolog\u00edas en la producci\u00f3n agropecuaria contribuir\u00e1 a incrementar las exportaciones de banano, que este a\u00f1o rondar\u00e1 por entre los 200 y 300 millones de d\u00f3lares. Rodr\u00edguez explic\u00f3 que con la adopci\u00f3n de innovaciones [&hellip;]<\/p>\n","protected":false},"author":3,"featured_media":0,"comment_status":"open","ping_status":"open","sticky":false,"template":"","format":"standard","meta":{"footnotes":""},"categories":[18],"tags":[],"class_list":["post-98808","post","type-post","status-publish","format-standard","hentry","category-economia"],"_links":{"self":[{"href":"https:\/\/diariodominicano.com\/index.php?rest_route=\/wp\/v2\/posts\/98808","targetHints":{"allow":["GET"]}}],"collection":[{"href":"https:\/\/diariodominicano.com\/index.php?rest_route=\/wp\/v2\/posts"}],"about":[{"href":"https:\/\/diariodominicano.com\/index.php?rest_route=\/wp\/v2\/types\/post"}],"author":[{"embeddable":true,"href":"https:\/\/diariodominicano.com\/index.php?rest_route=\/wp\/v2\/users\/3"}],"replies":[{"embeddable":true,"href":"https:\/\/diariodominicano.com\/index.php?rest_route=%2Fwp%2Fv2%2Fcomments&post=98808"}],"version-history":[{"count":0,"href":"https:\/\/diariodominicano.com\/index.php?rest_route=\/wp\/v2\/posts\/98808\/revisions"}],"wp:attachment":[{"href":"https:\/\/diariodominicano.com\/index.php?rest_route=%2Fwp%2Fv2%2Fmedia&parent=98808"}],"wp:term":[{"taxonomy":"category","embeddable":true,"href":"https:\/\/diariodominicano.com\/index.php?rest_route=%2Fwp%2Fv2%2Fcategories&post=98808"},{"taxonomy":"post_tag","embeddable":true,"href":"https:\/\/diariodominicano.com\/index.php?rest_route=%2Fwp%2Fv2%2Ftags&post=98808"}],"curies":[{"name":"wp","href":"https:\/\/api.w.org\/{rel}","templated":true}]}}