{"id":98801,"date":"2013-11-18T15:08:36","date_gmt":"2013-11-18T15:08:36","guid":{"rendered":"http:\/\/diariodominicano.ddns.net\/?p=98801"},"modified":"2013-11-18T15:08:36","modified_gmt":"2013-11-18T15:08:36","slug":"ponen-en-servicio-micro-central-hidroelectrica-comunitaria-vallecito-el-montazo","status":"publish","type":"post","link":"https:\/\/diariodominicano.com\/?p=98801","title":{"rendered":"Ponen en servicio Micro Central Hidroel\u00e9ctrica Comunitaria Vallecito-El Montazo"},"content":{"rendered":"<p><body><\/p>\n<p><img decoding=\"async\" src=\"img3\/luz 18.jpg\" \/>  <\/p>\n<p>Santiago Rodr\u00edguez RD 18 noviembre.-El m\u00e1s preciado anhelo de las comunidades El Vallecito y El Montazo, municipio Sabaneta, es ya una realidad, la energ\u00eda el\u00e9ctrica llega a los novecientos vecinos de estas localidades para iluminar el devenir de sus d\u00edas. <\/p>\n<\/p>\n<p>Las cristalinas aguas del r\u00edo Guayub\u00edn son las encargadas de alimentar la m\u00e1s potente de las micro centrales hidroel\u00e9ctricas construidas en los \u00faltimos a\u00f1os, con una capacidad de generaci\u00f3n de 132Kw y  construida con una inversi\u00f3n superior a los 45 millones de pesos.<\/p>\n<\/p>\n<p>La obra ha sido el producto del trabajo conjunto de la Federaci\u00f3n de Campesinos Unidos (FECAU) con las Comunidades de El Vallecito y El Montazo, as\u00ed como del apoyo t\u00e9cnico y financiero del Programa de Peque\u00f1os Subsidios (PPS-SGP\/FMAM\/PNUD), la Unidad de Electrificaci\u00f3n Rural y Suburbana (UERS), la Corporaci\u00f3n de Empresas El\u00e9ctricas Estatales (CDEEE), el Ministerio de Medio Ambiente y Recursos Naturales, el Fondo Marena, la Embajada de Francia, el Centro Alternativo Rural El Lim\u00f3n, el Instituto Nacional de Aguas Potables y Alcantarillados (INAPA), la Cooperativa Sabaneta Novillo (COOPSANO) y el Ayuntamiento de Sabaneta. <\/p>\n<\/p>\n<p>De acuerdo a la titular de la UERS, licenciada Thelma Eusebio de L\u00f3pez, la puesta en servicio de la obra es la mejor contribuci\u00f3n ambiental porque produce energ\u00eda limpia, que evitar\u00e1 emitir hacia la atm\u00f3sfera 1,056 toneladas de di\u00f3xido de carbono por a\u00f1o. <\/p>\n<\/p>\n<p>\u00abEn sinergia con estas nobles instituciones, cumplimos cada d\u00eda con el compromiso del presidente Danilo Medina de construir 50 micro centrales hidroel\u00e9ctricas al 2016\u00bb.  <\/p>\n<\/p>\n<p>El ingeniero Alberto S\u00e1nchez, coordinador del PPS, asegur\u00f3 que las comunidades beneficiadas han tenido una vasta tradici\u00f3n en la conservaci\u00f3n de los recursos naturales y reiter\u00f3 que el objetivo primordial es el aprovechamiento de las aguas para la generaci\u00f3n de electricidad limpia y propia, la cual contribuye a la reducci\u00f3n de emisiones de di\u00f3xido de Carbono.<\/p>\n<\/p>\n<p>Por su parte, el se\u00f1or Miguel Lizardo, quien tuvo la responsabilidad de coordinar los trabajos con la comunidad, destac\u00f3 que la construcci\u00f3n de la hidroel\u00e9ctrica es el compromiso m\u00e1s desafiante que ha asumido la misma.  \u00abHemos trabajado duro durante cuatro a\u00f1os, todos los d\u00edas, y hemos logrado superar as\u00ed todas las dificultades hasta conseguir que las comunidades tengan electricidad propia las 24 horas del d\u00eda\u00bb, dijo.<\/p>\n<\/p>\n<p>Las 180 familias que tienen entre sus principales medios de producci\u00f3n y generaci\u00f3n de ingresos la agricultura de productos menores, la ganader\u00eda en peque\u00f1a escala y el manejo forestal tendr\u00e1n acceso a la electricidad de manera permanente, lo que aumentar\u00e1 la rentabilidad de sus negocios y les abrir\u00e1 nuevas oportunidades de desarrollo y acceso tecnol\u00f3gico.<\/p>\n<\/p>\n<p>Durante el proceso de instalaci\u00f3n del sistema, se formaron cuatro t\u00e9cnicos comunitarios, capacitados en el manejo y mantenimiento de los componentes del sistema hidroel\u00e9ctrico y m\u00e1s de 100 personas recibieron entrenamiento sobre uso y  ahorro de energ\u00eda y tem\u00e1ticas ambientales, entre ellas sobre el cambio clim\u00e1tico, el manejo de recursos naturales, la reforestaci\u00f3n y el manejo de cuencas.  <\/p>\n<\/p>\n<p>La hidroel\u00e9ctrica es de tipo Flujo Cruzado, con generador sincr\u00f3nico trif\u00e1sico, con controladores autom\u00e1ticos a 480 voltios, y se construy\u00f3 una represa sobre el r\u00edo Guayub\u00edn, y un canal de derivaci\u00f3n con su desarenador integrado, donde fue necesario la instalaci\u00f3n de 60 tubos de 20 pulgadas para la conducci\u00f3n del agua. <\/p>\n<\/p>\n<p>Para la distribuci\u00f3n se instal\u00f3 un sistema de redes el\u00e9ctricas de 13 kil\u00f3metros de l\u00edneas primarias y secundarias mientras que a cada vivienda se le instal\u00f3 un sistema de redes de distribuci\u00f3n acorde con las necesidades, permitiendo el uso de la energ\u00eda de manera segura y  confiable.<\/p>\n<\/p>\n<h6> 2013-11-18 15:08:36 <\/h6>\n<p><!--\n<link rel=\"stylesheet\" href=\"css\/bootstrap.min.css\">\n\n\n<ul class=\"pagination\">\n\t    \n\t\n\n<li >\n\t<a href='?page_no=14321'>Previous<\/a>\n\t<\/li>\n\n\n       \n    \n\n<li><a href='?page_no=1'>1<\/a><\/li>\n\n\n\n<li><a href='?page_no=2'>2<\/a><\/li>\n\n\n\n<li><a>...<\/a><\/li>\n\n\n\n<li><a href='?page_no=14320'>14320<\/a><\/li>\n\n\n\n<li><a href='?page_no=14321'>14321<\/a><\/li>\n\n\n\n<li class='active'><a>14322<\/a><\/li>\n\n\n\n<li><a href='?page_no=14323'>14323<\/a><\/li>\n\n\n\n<li><a href='?page_no=14324'>14324<\/a><\/li>\n\n\n\n<li><a>...<\/a><\/li>\n\n\n\n<li><a href='?page_no=30472'>30472<\/a><\/li>\n\n\n\n<li><a href='?page_no=30473'>30473<\/a><\/li>\n\n    \n\t\n\n<li >\n\t<a href='?page_no=14323'>Next<\/a>\n\t<\/li>\n\n\n    \n\n<li><a href='?page_no=30473'>Last &rsaquo;&rsaquo;<\/a><\/li>\n\n<\/ul>\n\n\n--><br \/>\n<\/body><\/p>\n","protected":false},"excerpt":{"rendered":"<p>Santiago Rodr\u00edguez RD 18 noviembre.-El m\u00e1s preciado anhelo de las comunidades El Vallecito y El Montazo, municipio Sabaneta, es ya una realidad, la energ\u00eda el\u00e9ctrica llega a los novecientos vecinos de estas localidades para iluminar el devenir de sus d\u00edas. Las cristalinas aguas del r\u00edo Guayub\u00edn son las encargadas de alimentar la m\u00e1s potente de [&hellip;]<\/p>\n","protected":false},"author":3,"featured_media":0,"comment_status":"open","ping_status":"open","sticky":false,"template":"","format":"standard","meta":{"footnotes":""},"categories":[18],"tags":[],"class_list":["post-98801","post","type-post","status-publish","format-standard","hentry","category-economia"],"_links":{"self":[{"href":"https:\/\/diariodominicano.com\/index.php?rest_route=\/wp\/v2\/posts\/98801","targetHints":{"allow":["GET"]}}],"collection":[{"href":"https:\/\/diariodominicano.com\/index.php?rest_route=\/wp\/v2\/posts"}],"about":[{"href":"https:\/\/diariodominicano.com\/index.php?rest_route=\/wp\/v2\/types\/post"}],"author":[{"embeddable":true,"href":"https:\/\/diariodominicano.com\/index.php?rest_route=\/wp\/v2\/users\/3"}],"replies":[{"embeddable":true,"href":"https:\/\/diariodominicano.com\/index.php?rest_route=%2Fwp%2Fv2%2Fcomments&post=98801"}],"version-history":[{"count":0,"href":"https:\/\/diariodominicano.com\/index.php?rest_route=\/wp\/v2\/posts\/98801\/revisions"}],"wp:attachment":[{"href":"https:\/\/diariodominicano.com\/index.php?rest_route=%2Fwp%2Fv2%2Fmedia&parent=98801"}],"wp:term":[{"taxonomy":"category","embeddable":true,"href":"https:\/\/diariodominicano.com\/index.php?rest_route=%2Fwp%2Fv2%2Fcategories&post=98801"},{"taxonomy":"post_tag","embeddable":true,"href":"https:\/\/diariodominicano.com\/index.php?rest_route=%2Fwp%2Fv2%2Ftags&post=98801"}],"curies":[{"name":"wp","href":"https:\/\/api.w.org\/{rel}","templated":true}]}}