{"id":98799,"date":"2013-11-18T18:26:13","date_gmt":"2013-11-18T18:26:13","guid":{"rendered":"http:\/\/diariodominicano.ddns.net\/?p=98799"},"modified":"2013-11-18T18:26:13","modified_gmt":"2013-11-18T18:26:13","slug":"presidente-medina-recibe-visita-de-vice-primer-ministro-de-turquia","status":"publish","type":"post","link":"https:\/\/diariodominicano.com\/?p=98799","title":{"rendered":"Presidente Medina recibe visita de Vice primer ministro de Turqu\u00eda"},"content":{"rendered":"<p><body><\/p>\n<p><img decoding=\"async\" src=\"img3\/turismo.jpg\" \/>  <\/p>\n<p><span class=\"text1noticias\">Santo Domingo, RD, 18 de noviembre.-El presidente Danilo Medina recibi\u00f3  la visita del vice primer ministro de la Rep\u00fablica de Turqu\u00eda, Besir Atalay.<\/span><\/p>\n<\/p>\n<p><span class=\"text1noticias\">Atalay est\u00e1 en Rep\u00fablica Dominicana para participar de la III Conferencia Internacional sobre la Iniciativa HOPEFOR, que se realizar\u00e1 a partir de ma\u00f1ana en Punta Cana.(HG)<\/span>.<\/p>\n<\/p>\n<h6> 2013-11-18 18:26:13 <\/h6>\n<p><!--\n<link rel=\"stylesheet\" href=\"css\/bootstrap.min.css\">\n\n\n<ul class=\"pagination\">\n\t    \n\t\n\n<li >\n\t<a href='?page_no=14319'>Previous<\/a>\n\t<\/li>\n\n\n       \n    \n\n<li><a href='?page_no=1'>1<\/a><\/li>\n\n\n\n<li><a href='?page_no=2'>2<\/a><\/li>\n\n\n\n<li><a>...<\/a><\/li>\n\n\n\n<li><a href='?page_no=14318'>14318<\/a><\/li>\n\n\n\n<li><a href='?page_no=14319'>14319<\/a><\/li>\n\n\n\n<li class='active'><a>14320<\/a><\/li>\n\n\n\n<li><a href='?page_no=14321'>14321<\/a><\/li>\n\n\n\n<li><a href='?page_no=14322'>14322<\/a><\/li>\n\n\n\n<li><a>...<\/a><\/li>\n\n\n\n<li><a href='?page_no=30472'>30472<\/a><\/li>\n\n\n\n<li><a href='?page_no=30473'>30473<\/a><\/li>\n\n    \n\t\n\n<li >\n\t<a href='?page_no=14321'>Next<\/a>\n\t<\/li>\n\n\n    \n\n<li><a href='?page_no=30473'>Last &rsaquo;&rsaquo;<\/a><\/li>\n\n<\/ul>\n\n\n--><br \/>\n<\/body><\/p>\n","protected":false},"excerpt":{"rendered":"<p>Santo Domingo, RD, 18 de noviembre.-El presidente Danilo Medina recibi\u00f3 la visita del vice primer ministro de la Rep\u00fablica de Turqu\u00eda, Besir Atalay. Atalay est\u00e1 en Rep\u00fablica Dominicana para participar de la III Conferencia Internacional sobre la Iniciativa HOPEFOR, que se realizar\u00e1 a partir de ma\u00f1ana en Punta Cana.(HG). 2013-11-18 18:26:13<\/p>\n","protected":false},"author":3,"featured_media":0,"comment_status":"open","ping_status":"open","sticky":false,"template":"","format":"standard","meta":{"footnotes":""},"categories":[18],"tags":[],"class_list":["post-98799","post","type-post","status-publish","format-standard","hentry","category-economia"],"_links":{"self":[{"href":"https:\/\/diariodominicano.com\/index.php?rest_route=\/wp\/v2\/posts\/98799","targetHints":{"allow":["GET"]}}],"collection":[{"href":"https:\/\/diariodominicano.com\/index.php?rest_route=\/wp\/v2\/posts"}],"about":[{"href":"https:\/\/diariodominicano.com\/index.php?rest_route=\/wp\/v2\/types\/post"}],"author":[{"embeddable":true,"href":"https:\/\/diariodominicano.com\/index.php?rest_route=\/wp\/v2\/users\/3"}],"replies":[{"embeddable":true,"href":"https:\/\/diariodominicano.com\/index.php?rest_route=%2Fwp%2Fv2%2Fcomments&post=98799"}],"version-history":[{"count":0,"href":"https:\/\/diariodominicano.com\/index.php?rest_route=\/wp\/v2\/posts\/98799\/revisions"}],"wp:attachment":[{"href":"https:\/\/diariodominicano.com\/index.php?rest_route=%2Fwp%2Fv2%2Fmedia&parent=98799"}],"wp:term":[{"taxonomy":"category","embeddable":true,"href":"https:\/\/diariodominicano.com\/index.php?rest_route=%2Fwp%2Fv2%2Fcategories&post=98799"},{"taxonomy":"post_tag","embeddable":true,"href":"https:\/\/diariodominicano.com\/index.php?rest_route=%2Fwp%2Fv2%2Ftags&post=98799"}],"curies":[{"name":"wp","href":"https:\/\/api.w.org\/{rel}","templated":true}]}}