{"id":98797,"date":"2013-11-18T18:31:11","date_gmt":"2013-11-18T18:31:11","guid":{"rendered":"http:\/\/diariodominicano.ddns.net\/?p=98797"},"modified":"2013-11-18T18:31:11","modified_gmt":"2013-11-18T18:31:11","slug":"aclaran-precios-del-saco-de-azucar-crema-de-125-libras-es-de-rd1755-00","status":"publish","type":"post","link":"https:\/\/diariodominicano.com\/?p=98797","title":{"rendered":"Aclaran precios del saco de az\u00facar crema de 125 libras es de RD$1,755.00"},"content":{"rendered":"<p><body><\/p>\n<p><span class=\"text1noticias\">Santo Domingo, RD, 18 de Noviembre.-El Consejo de Defensa de los Derechos del Comercio aclar\u00f3  que los precios del saco de az\u00facar crema de 125 libras es de RD$1,755.00, mientras que  el de la  refina es de RD$1,890.00, luego luego de la aplicaci\u00f3n del 8% de ITBIS.<\/span><\/p>\n<\/p>\n<p><span class=\"text1noticias\">La entidad que agrupa a cinto de micro, peque\u00f1os y medianos comerciantes hace la aclaraci\u00f3n, debido a que desde ayer circula en los medios de comunicaci\u00f3n una informaci\u00f3n en la que se informa que el Central Romana Corporation est\u00e1 despachando el dulce a RD$1,400 y RD$1,560, respectivamente. <\/span><\/p>\n<\/p>\n<p><span class=\"text1noticias\">El Consejo si reconoce   el suministro semanal  y eficiente del Central Romana a sus clientes, del comercio y la industria de manera ininterrumpida, no obstante destac\u00f3 que el  problema  que se registra en el mercado es porque  decenas de asociaciones y federaciones no tienen acceso a las asignaciones de esa empresa.<\/span><\/p>\n<\/p>\n<p><span class=\"text1noticias\">Adem\u00e1s, de que  el crecimiento del consumo del az\u00facar para uso de  la industria es mayor cada a\u00f1o, disminuyendo en el caso de la refino, la cantidad que se destina al comercio de provisiones y  al detalle.<\/span><\/p>\n<p><span class=\"text1noticias\">Confi\u00f3 que  con el inicio de la pr\u00f3xima zafra este emporio azucarero pueda destinar algunas partidas a nuevas instituciones del comercio organizado.<\/span><\/p>\n<\/p>\n<p><span class=\"text1noticias\">\u00abEstamos en  la mejor disposici\u00f3n de colaborar con la distribuci\u00f3n al comercio y para eso ponemos nuestra red de colmados, supermercados y almacenes afiliados a las instituciones del comercio representada en este consejo\u00bb, resalt\u00f3 el Consejo en un comunicado.(HG)<\/span>.<\/p>\n<h6> 2013-11-18 18:31:11 <\/h6>\n<p><!--\n<link rel=\"stylesheet\" href=\"css\/bootstrap.min.css\">\n\n\n<ul class=\"pagination\">\n\t    \n\t\n\n<li >\n\t<a href='?page_no=14318'>Previous<\/a>\n\t<\/li>\n\n\n       \n    \n\n<li><a href='?page_no=1'>1<\/a><\/li>\n\n\n\n<li><a href='?page_no=2'>2<\/a><\/li>\n\n\n\n<li><a>...<\/a><\/li>\n\n\n\n<li><a href='?page_no=14317'>14317<\/a><\/li>\n\n\n\n<li><a href='?page_no=14318'>14318<\/a><\/li>\n\n\n\n<li class='active'><a>14319<\/a><\/li>\n\n\n\n<li><a href='?page_no=14320'>14320<\/a><\/li>\n\n\n\n<li><a href='?page_no=14321'>14321<\/a><\/li>\n\n\n\n<li><a>...<\/a><\/li>\n\n\n\n<li><a href='?page_no=30472'>30472<\/a><\/li>\n\n\n\n<li><a href='?page_no=30473'>30473<\/a><\/li>\n\n    \n\t\n\n<li >\n\t<a href='?page_no=14320'>Next<\/a>\n\t<\/li>\n\n\n    \n\n<li><a href='?page_no=30473'>Last &rsaquo;&rsaquo;<\/a><\/li>\n\n<\/ul>\n\n\n--><br \/>\n<\/body><\/p>\n","protected":false},"excerpt":{"rendered":"<p>Santo Domingo, RD, 18 de Noviembre.-El Consejo de Defensa de los Derechos del Comercio aclar\u00f3 que los precios del saco de az\u00facar crema de 125 libras es de RD$1,755.00, mientras que el de la refina es de RD$1,890.00, luego luego de la aplicaci\u00f3n del 8% de ITBIS. La entidad que agrupa a cinto de micro, [&hellip;]<\/p>\n","protected":false},"author":3,"featured_media":0,"comment_status":"open","ping_status":"open","sticky":false,"template":"","format":"standard","meta":{"footnotes":""},"categories":[18],"tags":[],"class_list":["post-98797","post","type-post","status-publish","format-standard","hentry","category-economia"],"_links":{"self":[{"href":"https:\/\/diariodominicano.com\/index.php?rest_route=\/wp\/v2\/posts\/98797","targetHints":{"allow":["GET"]}}],"collection":[{"href":"https:\/\/diariodominicano.com\/index.php?rest_route=\/wp\/v2\/posts"}],"about":[{"href":"https:\/\/diariodominicano.com\/index.php?rest_route=\/wp\/v2\/types\/post"}],"author":[{"embeddable":true,"href":"https:\/\/diariodominicano.com\/index.php?rest_route=\/wp\/v2\/users\/3"}],"replies":[{"embeddable":true,"href":"https:\/\/diariodominicano.com\/index.php?rest_route=%2Fwp%2Fv2%2Fcomments&post=98797"}],"version-history":[{"count":0,"href":"https:\/\/diariodominicano.com\/index.php?rest_route=\/wp\/v2\/posts\/98797\/revisions"}],"wp:attachment":[{"href":"https:\/\/diariodominicano.com\/index.php?rest_route=%2Fwp%2Fv2%2Fmedia&parent=98797"}],"wp:term":[{"taxonomy":"category","embeddable":true,"href":"https:\/\/diariodominicano.com\/index.php?rest_route=%2Fwp%2Fv2%2Fcategories&post=98797"},{"taxonomy":"post_tag","embeddable":true,"href":"https:\/\/diariodominicano.com\/index.php?rest_route=%2Fwp%2Fv2%2Ftags&post=98797"}],"curies":[{"name":"wp","href":"https:\/\/api.w.org\/{rel}","templated":true}]}}