{"id":98796,"date":"2013-11-18T18:43:08","date_gmt":"2013-11-18T18:43:08","guid":{"rendered":"http:\/\/diariodominicano.ddns.net\/?p=98796"},"modified":"2013-11-18T18:43:08","modified_gmt":"2013-11-18T18:43:08","slug":"llama-a-paises-del-caricom-a-detener-campana-contra-rd","status":"publish","type":"post","link":"https:\/\/diariodominicano.com\/?p=98796","title":{"rendered":"Llama a pa\u00edses del CARICOM a detener campa\u00f1a contra RD"},"content":{"rendered":"<p><body><\/p>\n<p><img decoding=\"async\" src=\"http:\/\/localhost:8080\/economia\/img3\/banano.jpg\" \/>  <\/p>\n<p><span class=\"text1noticias\">Santo Domingo, RD, 18 de Noviembre.- El ministro de Agricultura, Luis Ram\u00f3n Rodr\u00edguez, solicit\u00f3 a los Gobiernos miembros de la Comunidad del Caribe (CARICOM), a no dejarse confundir y llamar a que se detenga la injuriosa campa\u00f1a de descr\u00e9dito a que est\u00e1 siendo sometida la Rep\u00fablica Dominicana luego de que el Tribunal Constitucional evacuara la sentencia 168-13, que establece las condiciones bajo las cuales se obtiene la nacionalidad dominicana.<\/span><\/p>\n<\/p>\n<p><span class=\"text1noticias\">El funcionario hizo el llamado al inaugurar el seminario sobre Medidas de Acompa\u00f1amiento del Banano, que auspicia la Uni\u00f3n Europea (UE), con la participaci\u00f3n de pa\u00edses de la regi\u00f3n del Caribe que se benefician de este programa especial de apoyo a la producci\u00f3n de banano como Belize, Dominica, Jamaica, Saint Lucia, Saint Vincent y Las Granadinas, y Surinam.<\/span><\/p>\n<\/p>\n<p><span class=\"text1noticias\">En la inauguraci\u00f3n tambi\u00e9n estaba el Jefe de la Delegaci\u00f3n de la Uni\u00f3n Europea en Rep\u00fablica Dominicana, Sr., \u00c1lvaro Navarro; el coordinador de la Cooperaci\u00f3n de la Uni\u00f3n Europea en el Caribe, Sr. Jos\u00e9 Soler, y la Consejera de Integraci\u00f3n Regional de Apoyo al Sector Privado y Comercio, Sra. Florance Van Heutte.<\/span><\/p>\n<\/p>\n<p><span class=\"text1noticias\">Rodr\u00edguez asegur\u00f3 que dicha campa\u00f1a est\u00e1 generando incidentes aislados, pero visibles, por parte de extremistas, \u00abque podr\u00edan terminar por desestabilizar nuestras sociedades en el contexto regional, que no necesita m\u00e1s dificultades en estos momentos dif\u00edciles de crisis econ\u00f3mica y financiera\u00bb.<\/span><\/p>\n<\/p>\n<p><span class=\"text1noticias\">Dijo que en su decisi\u00f3n de acatar la Sentencia TC\/168\/13, el Gobienro dominicano ha reiterado su pleno respeto a la Constituci\u00f3n, las leyes y la separaci\u00f3n de poderes, y que el presidente Danilo Medina se ha comprometido con la b\u00fasqueda de una respuesta humanitaria a la situaci\u00f3n de los 24 mil 392 descendientes de inmigrantes indocumentados provenientes de 98 pa\u00edses que han sido identificados por la Junta Central Electoral en condiciones de irregularidad en materia de nacionalidad.<\/span><\/p>\n<\/p>\n<p><span class=\"text1noticias\">Record\u00f3 que tanto el Programa de las Naciones Unidas para el Desarrollo (PNUD) y la Uni\u00f3n Europea han reconocido el derecho soberano del pa\u00eds a implementar su pol\u00edtica en materia migratoria y de nacionalizaci\u00f3n, expresando su esperanza de que cualquier problema que pudiera suscitarse pueda resolverse con alma, moderaci\u00f3n y di\u00e1logo.<\/span><\/p>\n<\/p>\n<p><span class=\"text1noticias\">\u00abRep\u00fablica Dominicana es una sociedad multirracial y multicultural, de negros, mulatos y blancos, abierta y democr\u00e1tica donde, hist\u00f3ricamente, siempre ha acogido a todos los inmigrantes\u00bb, asegur\u00f3 el ministro Rodr\u00edguez, tras poner de ejemplo a los esclavos que huyeron de la colonia francesa (hoy Hait\u00ed) y se establecieron en el actual barrio Los Mina de manera pac\u00edfica y viviendo en libertad desde entonces.<\/span><\/p>\n<\/p>\n<p><span class=\"text1noticias\">Seminario<\/span><\/p>\n<\/p>\n<p><span class=\"text1noticias\">El ministro de Agricultura, Luis Ram\u00f3n Rodr\u00edguez, agradeci\u00f3 a la Uni\u00f3n Europea todo el apoyo para que Rep\u00fablica Dominicana y la regi\u00f3n del Caribe fortalezcan sus industrias bananeras nacionales.<\/span><\/p>\n<\/p>\n<p><span class=\"text1noticias\">Record\u00f3 que a trav\u00e9s del Acuerdo Lom\u00e9 IV la Uni\u00f3n Europea otorg\u00f3 a Rep\u00fablica Dominicana acceso preferencial y libre de aranceles a su mercado, y que m\u00e1s reciente aprob\u00f3 el programa especial denominado Medidas de Acompa\u00f1amiento del Banano, que persigue el mejoramiento de la competitividad sostenible e inclusiva  del sector.<\/span><\/p>\n<\/p>\n<p><span class=\"text1noticias\">En ese sentido, dijo que Rep\u00fablica Dominicana, junto a los pa\u00edses caribe\u00f1os representados en el seminario, han preparado estrategias nacionales que identifican los principales problemas que conspiran contra la competitividad sectorial, donde proponen acciones y cuantifican las inversiones necesarias para mejorarlas.<\/span><\/p>\n<\/p>\n<p><span class=\"text1noticias\">En el caso dominicano, expres\u00f3 que la Estrategia Nacional del Sector Bananero identific\u00f3 la necesidad de invertir alrededor de 110 millones de d\u00f3lares, por lo que el Gobierno, a trav\u00e9s del Banco de Reservas,  abri\u00f3 una l\u00ednea de cr\u00e9dito al sector bananero por unos 440 millones de pesos.<\/span><\/p>\n<\/p>\n<p><span class=\"text1noticias\">Agreg\u00f3 que a trav\u00e9s del Programa de Medidas de Acompa\u00f1amiento de Banano que patrocina la Uni\u00f3n Europea, el pa\u00eds se beneficiar\u00e1 con un apoyo financiero de 16.34 millones de Euros para la adquisici\u00f3n de nuevas tecnolog\u00edas y asistencia t\u00e9cnica para el mejoramiento de los procesos agron\u00f3micos de producci\u00f3n y el mejoramiento de las condiciones laborales de los trabajadores.<\/span><\/p>\n<\/p>\n<p><span class=\"text1noticias\">En la actividad, que se extender\u00e1 hasta el mi\u00e9rcoles 21 de este mes, el ministro Rodr\u00edguez estuvo acompa\u00f1ado de Emigdio G\u00f3mez, director de Sanidad Vegetal; Luis Minier, especialista en banano del Ministerio, as\u00ed como el presidente de la Asociaci\u00f3n Dominicana del Banano (Adobanano).(HG)<\/span>.<\/p>\n<h6> 2013-11-18 18:43:08 <\/h6>\n<p><!--\n<link rel=\"stylesheet\" href=\"css\/bootstrap.min.css\">\n\n\n<ul class=\"pagination\">\n\t    \n\t\n\n<li >\n\t<a href='?page_no=14317'>Previous<\/a>\n\t<\/li>\n\n\n       \n    \n\n<li><a href='?page_no=1'>1<\/a><\/li>\n\n\n\n<li><a href='?page_no=2'>2<\/a><\/li>\n\n\n\n<li><a>...<\/a><\/li>\n\n\n\n<li><a href='?page_no=14316'>14316<\/a><\/li>\n\n\n\n<li><a href='?page_no=14317'>14317<\/a><\/li>\n\n\n\n<li class='active'><a>14318<\/a><\/li>\n\n\n\n<li><a href='?page_no=14319'>14319<\/a><\/li>\n\n\n\n<li><a href='?page_no=14320'>14320<\/a><\/li>\n\n\n\n<li><a>...<\/a><\/li>\n\n\n\n<li><a href='?page_no=30472'>30472<\/a><\/li>\n\n\n\n<li><a href='?page_no=30473'>30473<\/a><\/li>\n\n    \n\t\n\n<li >\n\t<a href='?page_no=14319'>Next<\/a>\n\t<\/li>\n\n\n    \n\n<li><a href='?page_no=30473'>Last &rsaquo;&rsaquo;<\/a><\/li>\n\n<\/ul>\n\n\n--><br \/>\n<\/body><\/p>\n","protected":false},"excerpt":{"rendered":"<p>Santo Domingo, RD, 18 de Noviembre.- El ministro de Agricultura, Luis Ram\u00f3n Rodr\u00edguez, solicit\u00f3 a los Gobiernos miembros de la Comunidad del Caribe (CARICOM), a no dejarse confundir y llamar a que se detenga la injuriosa campa\u00f1a de descr\u00e9dito a que est\u00e1 siendo sometida la Rep\u00fablica Dominicana luego de que el Tribunal Constitucional evacuara la [&hellip;]<\/p>\n","protected":false},"author":3,"featured_media":0,"comment_status":"open","ping_status":"open","sticky":false,"template":"","format":"standard","meta":{"footnotes":""},"categories":[18],"tags":[],"class_list":["post-98796","post","type-post","status-publish","format-standard","hentry","category-economia"],"_links":{"self":[{"href":"https:\/\/diariodominicano.com\/index.php?rest_route=\/wp\/v2\/posts\/98796","targetHints":{"allow":["GET"]}}],"collection":[{"href":"https:\/\/diariodominicano.com\/index.php?rest_route=\/wp\/v2\/posts"}],"about":[{"href":"https:\/\/diariodominicano.com\/index.php?rest_route=\/wp\/v2\/types\/post"}],"author":[{"embeddable":true,"href":"https:\/\/diariodominicano.com\/index.php?rest_route=\/wp\/v2\/users\/3"}],"replies":[{"embeddable":true,"href":"https:\/\/diariodominicano.com\/index.php?rest_route=%2Fwp%2Fv2%2Fcomments&post=98796"}],"version-history":[{"count":0,"href":"https:\/\/diariodominicano.com\/index.php?rest_route=\/wp\/v2\/posts\/98796\/revisions"}],"wp:attachment":[{"href":"https:\/\/diariodominicano.com\/index.php?rest_route=%2Fwp%2Fv2%2Fmedia&parent=98796"}],"wp:term":[{"taxonomy":"category","embeddable":true,"href":"https:\/\/diariodominicano.com\/index.php?rest_route=%2Fwp%2Fv2%2Fcategories&post=98796"},{"taxonomy":"post_tag","embeddable":true,"href":"https:\/\/diariodominicano.com\/index.php?rest_route=%2Fwp%2Fv2%2Ftags&post=98796"}],"curies":[{"name":"wp","href":"https:\/\/api.w.org\/{rel}","templated":true}]}}