{"id":98791,"date":"2013-11-18T21:30:33","date_gmt":"2013-11-18T21:30:33","guid":{"rendered":"http:\/\/diariodominicano.ddns.net\/?p=98791"},"modified":"2013-11-18T21:30:33","modified_gmt":"2013-11-18T21:30:33","slug":"gobierno-no-cobrara-itbis-y-otros-insumos-en-la-fabricacion-del-pan","status":"publish","type":"post","link":"https:\/\/diariodominicano.com\/?p=98791","title":{"rendered":"Gobierno no cobrar\u00e1 ITBIS y otros insumos en la fabricaci\u00f3n del pan"},"content":{"rendered":"<p><body><\/p>\n<p><img decoding=\"async\" src=\"img3\/UMPIH.jpg\" \/>  <\/p>\n<p><span class=\"text1noticias\">Santo Domingo, RD, 18 de Noviembre.-El Gobierno no cobrar\u00e1 el Impuesto a la Transferencia de Bienes Industrializados y Servicios (ITBIS) a ninguno de los productos que se usan para elaborar el pan, como garant\u00eda para  que los panaderos no aumenten el producto de 5 a 7 pesos la unidad como se hab\u00eda anunciado recientemente.<\/span><\/p>\n<\/p>\n<p><span class=\"text1noticias\">El anunci\u00f3 lo hizo Francisco Capellan, presidente de la Uni\u00f3nde Medianos y Peque\u00f1os Industriales de la Harina-UMPIH-quien se\u00f1al\u00f3 que el aumento del pan fue suspendido hasta Enero y que apertir del a\u00f1o que viene seguir\u00e1n las conversaciones.<\/span><\/p>\n<\/p>\n<p><span class=\"text1noticias\">Capell\u00e1n se\u00f1al\u00f3 que entre los productos que las empresas no van a facturar el ITBIS est\u00e1n el az\u00facar, leche, harina, manteca, mantequilla, aceite, levaduras, entre otros.<\/span><\/p>\n<\/p>\n<p><span class=\"text1noticias\">Agreg\u00f3 que las comisiones de la UMPIH y del Gobierno iniciar\u00e1n las reuniones para buscar las f\u00f3rmulas que evitar\u00e1n que se le cobre el ITBIS, gravamen establecido por ley y que amerita que el Congreso Nacional legisle para eliminarlo.<\/span><\/p>\n<\/p>\n<p><span class=\"text1noticias\">La UMPIH, el pasado hab\u00eda anunciado que los precios de los derivados de la harina ser\u00edan aumentados en un 40%, que elevar\u00eda la unidad de pan de agua y el tipo \u00absobao\u00bb de 5 a siete pesos, medida calificada por la poblaci\u00f3n como injusta y criminal para los m\u00e1s pobres.<\/span><\/p>\n<\/p>\n<p><span class=\"text1noticias\">Agreg\u00f3 que el componente m\u00e1s importante del acuerdo es que se transparentar\u00e1n los costos generados por la aplicaci\u00f3n del ITBIS, en las materias primas utilizadas en la producci\u00f3n del pan, el cual dijo no est\u00e1 gravado con ese impuesto.<\/span><\/p>\n<\/p>\n<p><span class=\"text1noticias\">\u00abLas autoridades se comprometieron a colocar sin costo para las micro y peque\u00f1as panader\u00edas, las soluciones fiscales y elaborar una nueva normativa para un r\u00e9gimen de tributaci\u00f3n simplificada que adem\u00e1s facilite la integraci\u00f3n a nuestros asociados\u00bb, declar\u00f3.<\/span><\/p>\n<\/p>\n<p><span class=\"text1noticias\">En otro aspecto el presidente de la UMPIH, dijo que el acuerdo permitir\u00e1 que a trav\u00e9s del Banco de Reservas a los panaderos les otorgar\u00e1n una cartera de cr\u00e9dito, cuyo monto afirm\u00f3 ser\u00e1 el necesario, con condiciones blandas, para que los afiliados a la UMPIH hagan reconversi\u00f3n tecnol\u00f3gica en sus empresas y que del 13 al 15 de diciembre se realizara una feria a esos fines.(HG)<\/span>.<\/p>\n<\/p>\n<h6> 2013-11-18 21:30:33 <\/h6>\n<p><!--\n<link rel=\"stylesheet\" href=\"css\/bootstrap.min.css\">\n\n\n<ul class=\"pagination\">\n\t    \n\t\n\n<li >\n\t<a href='?page_no=14312'>Previous<\/a>\n\t<\/li>\n\n\n       \n    \n\n<li><a href='?page_no=1'>1<\/a><\/li>\n\n\n\n<li><a href='?page_no=2'>2<\/a><\/li>\n\n\n\n<li><a>...<\/a><\/li>\n\n\n\n<li><a href='?page_no=14311'>14311<\/a><\/li>\n\n\n\n<li><a href='?page_no=14312'>14312<\/a><\/li>\n\n\n\n<li class='active'><a>14313<\/a><\/li>\n\n\n\n<li><a href='?page_no=14314'>14314<\/a><\/li>\n\n\n\n<li><a href='?page_no=14315'>14315<\/a><\/li>\n\n\n\n<li><a>...<\/a><\/li>\n\n\n\n<li><a href='?page_no=30472'>30472<\/a><\/li>\n\n\n\n<li><a href='?page_no=30473'>30473<\/a><\/li>\n\n    \n\t\n\n<li >\n\t<a href='?page_no=14314'>Next<\/a>\n\t<\/li>\n\n\n    \n\n<li><a href='?page_no=30473'>Last &rsaquo;&rsaquo;<\/a><\/li>\n\n<\/ul>\n\n\n--><br \/>\n<\/body><\/p>\n","protected":false},"excerpt":{"rendered":"<p>Santo Domingo, RD, 18 de Noviembre.-El Gobierno no cobrar\u00e1 el Impuesto a la Transferencia de Bienes Industrializados y Servicios (ITBIS) a ninguno de los productos que se usan para elaborar el pan, como garant\u00eda para que los panaderos no aumenten el producto de 5 a 7 pesos la unidad como se hab\u00eda anunciado recientemente. El [&hellip;]<\/p>\n","protected":false},"author":3,"featured_media":0,"comment_status":"open","ping_status":"open","sticky":false,"template":"","format":"standard","meta":{"footnotes":""},"categories":[18],"tags":[],"class_list":["post-98791","post","type-post","status-publish","format-standard","hentry","category-economia"],"_links":{"self":[{"href":"https:\/\/diariodominicano.com\/index.php?rest_route=\/wp\/v2\/posts\/98791","targetHints":{"allow":["GET"]}}],"collection":[{"href":"https:\/\/diariodominicano.com\/index.php?rest_route=\/wp\/v2\/posts"}],"about":[{"href":"https:\/\/diariodominicano.com\/index.php?rest_route=\/wp\/v2\/types\/post"}],"author":[{"embeddable":true,"href":"https:\/\/diariodominicano.com\/index.php?rest_route=\/wp\/v2\/users\/3"}],"replies":[{"embeddable":true,"href":"https:\/\/diariodominicano.com\/index.php?rest_route=%2Fwp%2Fv2%2Fcomments&post=98791"}],"version-history":[{"count":0,"href":"https:\/\/diariodominicano.com\/index.php?rest_route=\/wp\/v2\/posts\/98791\/revisions"}],"wp:attachment":[{"href":"https:\/\/diariodominicano.com\/index.php?rest_route=%2Fwp%2Fv2%2Fmedia&parent=98791"}],"wp:term":[{"taxonomy":"category","embeddable":true,"href":"https:\/\/diariodominicano.com\/index.php?rest_route=%2Fwp%2Fv2%2Fcategories&post=98791"},{"taxonomy":"post_tag","embeddable":true,"href":"https:\/\/diariodominicano.com\/index.php?rest_route=%2Fwp%2Fv2%2Ftags&post=98791"}],"curies":[{"name":"wp","href":"https:\/\/api.w.org\/{rel}","templated":true}]}}