{"id":98790,"date":"2013-11-18T22:34:32","date_gmt":"2013-11-18T22:34:32","guid":{"rendered":"http:\/\/diariodominicano.ddns.net\/?p=98790"},"modified":"2013-11-18T22:34:32","modified_gmt":"2013-11-18T22:34:32","slug":"presidente-idecoop-reconoce-labor-altruista-del-presidente-danilo-medina-en-el-sector-mutualista","status":"publish","type":"post","link":"https:\/\/diariodominicano.com\/?p=98790","title":{"rendered":"Presidente IDECOOP reconoce labor altruista del Presidente Danilo Medina en el sector mutualista"},"content":{"rendered":"<p><body><\/p>\n<p><img decoding=\"async\" src=\"img3\/Incorporacion.jpg\" \/>  <\/p>\n<p><span class=\"text1noticias\">Santo Domingo, RD, 18 de Noviembre.-El Presidente Administrador del El Instituto de Desarrollo y Cr\u00e9dito Cooperativo, (IDECOOP), licenciado Pedro Corpor\u00e1n reconoci\u00f3 la labor altruista que est\u00e1 desarrollando el residente del la Rep\u00fablica, licenciado Danilo Medina;  al asegurar que ha sido el \u00fanico mandatario que le ha dado valor econ\u00f3mico el cooperativismo, apoyando al sector con cr\u00e9ditos que le dan capacidad a cooperativas humildes de organizarse.<\/span><\/p>\n<\/p>\n<p><span class=\"text1noticias\">El ministro de Estado habl\u00f3 en esos t\u00e9rminos al encabezar un acto en donde en Ente Regulador entreg\u00f3 15 Certificados de incorporaci\u00f3n a igual n\u00famero de cooperativas, emitidos por el Poder Ejecutivo, como forma de seguir fomentando el desarrollo y fortalecimiento del sector Cooperativo Nacional.<\/span><\/p>\n<\/p>\n<p><span class=\"text1noticias\">El licenciado Pedro Corpor\u00e1n manifest\u00f3 que el cooperativismo en la actualidad es un sector auto sostenible y que hay que forjar en los m\u00e1s humildes la idea de que trabajar unidos a trav\u00e9s del cooperativismo es la forma m\u00e1s id\u00f3nea de salir de la pobreza.<\/span><\/p>\n<\/p>\n<p><span class=\"text1noticias\">En ese sentido agreg\u00f3 que el cooperativismo rechaza radicalmente los actos individuales y asume actos colectivos, de hermandad y mancomunidad.<\/span><\/p>\n<\/p>\n<p><span class=\"text1noticias\">El titular del IDECOOP resalt\u00f3 la importancia que tiene la educaci\u00f3n en las cooperativas, tras considerar que en ella radica el \u00e9xito de las entidades.<\/span><\/p>\n<\/p>\n<p><span class=\"text1noticias\">Corpor\u00e1n felicit\u00f3 a los representantes de cada una de las cooperativas incorporadas y les exhort\u00f3 a trabajar apegados la ley y los principios del cooperativismo.<\/span><\/p>\n<\/p>\n<\/p>\n<p><span class=\"text1noticias\">Las cooperativas que recibieron certificados de incorporaci\u00f3n por parte del IDECOOP fueron: Cooperativa Agropecuaria y de Servicios M\u00faltiples Villa Fundacion (COOPAVI), Cooperativa de Ahorro, Cr\u00e9dito y Servicios M\u00faltiples Desarrollo de la Costa (COOPDECOSTA) y la Cooperativa de Ahorros, Cr\u00e9ditos y Servicios M\u00faltiples los innovadores (COOPNACI).<\/span><\/p>\n<\/p>\n<p><span class=\"text1noticias\">Adem\u00e1s fueron incorporadas la Cooperativa de Ahorros, Cr\u00e9ditos y Servicios M\u00faltiples Emprendedores (COOPEMPRENDEDOR), la Cooperativa de Ahorro, Cr\u00e9dito y Servicios M\u00faltiples Naco (COOPNACO), Cooperativa de Ahorros, Cr\u00e9ditos y Servicios M\u00faltiples Caracol (COOPCARACOL), Cooperativa de Ahorros, Cr\u00e9dito y Servicios M\u00faltiples Reservas Incorporada (COOPRESERVAS) y la Cooperativa de Ahorros, Cr\u00e9ditos y Servicios M\u00faltiples de  Los M\u00e9dicos de la Cl\u00ednica Uni\u00f3n Medica del Norte (COOPCUM).<\/span><\/p>\n<\/p>\n<p><span class=\"text1noticias\">El IDECOOP entrego decretos tambi\u00e9n Cooperativa de Ahorros, Cr\u00e9ditos y Servicios M\u00faltiples de los Empleados del Instituto Nacional de Protecci\u00f3n de los derechos del consumidor (COOPROCON), la Cooperativa de Servicios M\u00faltiples de T\u00e9cnicos y Productores Agropecuarios (COOPNATURA), y la Cooperativa Agropecuaria y de Servicios M\u00faltiples Forestal Ambiental (COOPAMBIENTE).<\/span><\/p>\n<p><span class=\"text1noticias\">Adem\u00e1s a la Cooperativa de Producci\u00f3n Trabajo y Servicios M\u00faltiples de Pescadores Esp\u00edritu Santo (COOPESANTO), Cooperativa de Ahorros, Cr\u00e9ditos y Servicios M\u00faltiples de Desarrollo de las Micro, Peque\u00f1as y Medianas Empresas Mypimes (COOPMYPIMES) y la Cooperativa Agropecuaria y de Servicios M\u00faltiples el Fundo de Villa (COOPFUNVILLA).<\/span><\/p>\n<p><span class=\"text1noticias\">Los representantes de las cooperativas incorporadas manifestaron su agradecimiento al IDECOOP y al licenciado Pedro Corpor\u00e1n, por el apoyo brindado por los t\u00e9cnicos de la instituci\u00f3n en todo el proceso de formaci\u00f3n de sus cooperativas.(HG)<\/span>.<\/p>\n<h6> 2013-11-18 22:34:32 <\/h6>\n<p><!--\n<link rel=\"stylesheet\" href=\"css\/bootstrap.min.css\">\n\n\n<ul class=\"pagination\">\n\t    \n\t\n\n<li >\n\t<a href='?page_no=14311'>Previous<\/a>\n\t<\/li>\n\n\n       \n    \n\n<li><a href='?page_no=1'>1<\/a><\/li>\n\n\n\n<li><a href='?page_no=2'>2<\/a><\/li>\n\n\n\n<li><a>...<\/a><\/li>\n\n\n\n<li><a href='?page_no=14310'>14310<\/a><\/li>\n\n\n\n<li><a href='?page_no=14311'>14311<\/a><\/li>\n\n\n\n<li class='active'><a>14312<\/a><\/li>\n\n\n\n<li><a href='?page_no=14313'>14313<\/a><\/li>\n\n\n\n<li><a href='?page_no=14314'>14314<\/a><\/li>\n\n\n\n<li><a>...<\/a><\/li>\n\n\n\n<li><a href='?page_no=30472'>30472<\/a><\/li>\n\n\n\n<li><a href='?page_no=30473'>30473<\/a><\/li>\n\n    \n\t\n\n<li >\n\t<a href='?page_no=14313'>Next<\/a>\n\t<\/li>\n\n\n    \n\n<li><a href='?page_no=30473'>Last &rsaquo;&rsaquo;<\/a><\/li>\n\n<\/ul>\n\n\n--><br \/>\n<\/body><\/p>\n","protected":false},"excerpt":{"rendered":"<p>Santo Domingo, RD, 18 de Noviembre.-El Presidente Administrador del El Instituto de Desarrollo y Cr\u00e9dito Cooperativo, (IDECOOP), licenciado Pedro Corpor\u00e1n reconoci\u00f3 la labor altruista que est\u00e1 desarrollando el residente del la Rep\u00fablica, licenciado Danilo Medina; al asegurar que ha sido el \u00fanico mandatario que le ha dado valor econ\u00f3mico el cooperativismo, apoyando al sector con [&hellip;]<\/p>\n","protected":false},"author":3,"featured_media":0,"comment_status":"open","ping_status":"open","sticky":false,"template":"","format":"standard","meta":{"footnotes":""},"categories":[18],"tags":[],"class_list":["post-98790","post","type-post","status-publish","format-standard","hentry","category-economia"],"_links":{"self":[{"href":"https:\/\/diariodominicano.com\/index.php?rest_route=\/wp\/v2\/posts\/98790","targetHints":{"allow":["GET"]}}],"collection":[{"href":"https:\/\/diariodominicano.com\/index.php?rest_route=\/wp\/v2\/posts"}],"about":[{"href":"https:\/\/diariodominicano.com\/index.php?rest_route=\/wp\/v2\/types\/post"}],"author":[{"embeddable":true,"href":"https:\/\/diariodominicano.com\/index.php?rest_route=\/wp\/v2\/users\/3"}],"replies":[{"embeddable":true,"href":"https:\/\/diariodominicano.com\/index.php?rest_route=%2Fwp%2Fv2%2Fcomments&post=98790"}],"version-history":[{"count":0,"href":"https:\/\/diariodominicano.com\/index.php?rest_route=\/wp\/v2\/posts\/98790\/revisions"}],"wp:attachment":[{"href":"https:\/\/diariodominicano.com\/index.php?rest_route=%2Fwp%2Fv2%2Fmedia&parent=98790"}],"wp:term":[{"taxonomy":"category","embeddable":true,"href":"https:\/\/diariodominicano.com\/index.php?rest_route=%2Fwp%2Fv2%2Fcategories&post=98790"},{"taxonomy":"post_tag","embeddable":true,"href":"https:\/\/diariodominicano.com\/index.php?rest_route=%2Fwp%2Fv2%2Ftags&post=98790"}],"curies":[{"name":"wp","href":"https:\/\/api.w.org\/{rel}","templated":true}]}}