{"id":98788,"date":"2013-11-19T15:49:06","date_gmt":"2013-11-19T15:49:06","guid":{"rendered":"http:\/\/diariodominicano.ddns.net\/?p=98788"},"modified":"2013-11-19T15:49:06","modified_gmt":"2013-11-19T15:49:06","slug":"representantes-de-oea-y-bid-destacan-apoyo-del-gobierno-a-las-mipymes","status":"publish","type":"post","link":"https:\/\/diariodominicano.com\/?p=98788","title":{"rendered":"Representantes de OEA y BID destacan apoyo del Gobierno a las Mipymes"},"content":{"rendered":"<p><body><\/p>\n<p><img decoding=\"async\" src=\"img3\/pymes 19.jpg\" \/>  <\/p>\n<p>Santo Domingo RD 19 noviembre.- Las representantes en el pa\u00eds de la Organizaci\u00f3n de Estados Americanos (OEA) y del Banco Interamericano de Desarrollo (BID), felicitaron hoy al Gobierno del presidente Danilo Medina por el apoyo que est\u00e1 brindando al sector Mipymes.<\/p>\n<\/p>\n<p>Araceli Azuara de la OEA y Flora Montealegre Painter del BID, concedieron en destacar el inter\u00e9s del Gobierno de convertir e incentivar a las Micro, Peque\u00f1a y Mediana empresa para que sea proveedoras del Estado dominicano.<\/p>\n<\/p>\n<p>Ambas funcionarias manifestaron que las entidades a las que pertenecen seguir\u00e1n respaldando las acciones ejecutadas por el Gobierno en favor de lo que consideraron \u00abla columna vertebral\u00bb de la econom\u00eda dominicana: las Mipymes.<\/p>\n<\/p>\n<p>Agregaron que las compras p\u00fablicas ocupan un lugar muy relevante en la regi\u00f3n y felicitaron el liderazgo que ha asumido la Rep\u00fablica Dominicana en el debate del tema y lo que representa para el desarrollo de la Naci\u00f3n dominicana.  <\/p>\n<\/p>\n<p>Las damas emitieron sus opiniones al participar en la apertura del taller: \u00abAcceso de las Mipymes a las Compras P\u00fablicas\u00bb, en el cual la directora de Contrataciones P\u00fablicas, Yokasta Guzm\u00e1n, resalt\u00f3 el apoyo que est\u00e1 dando el Gobierno a los micro, peque\u00f1os y mediano empresarios.<\/p>\n<\/p>\n<p>En el evento que re\u00fane a miembros de la Red Interamericana de Compras Gubernamentales (RICG) se imparti\u00f3, a primera hora, la conferencia: \u00abImportancia de las Mipymes al acceso de las compras p\u00fablicas\u00bb, a cargo del mexicano, Miguel Villegas Lerdo de Tejada, director de Intermediarios Financieros y Microcr\u00e9dito de la Nacional Financiera de M\u00e9xico.<\/p>\n<\/p>\n<p>Villegas, destac\u00f3 que para propiciar una mayor participaci\u00f3n de las Mipymes en las compras p\u00fablicas hay que fomentar el dialogo y la coordinaci\u00f3n, el uso de las herramientas tecnol\u00f3gicas, tener capacitaci\u00f3n e informaci\u00f3n oportuna, planes anuales de compras, implementaci\u00f3n de un portal transaccional y la celebraci\u00f3n de ferias con proveedores y compradores. \u00abEl apoyo a las Mipymes es un tema muy serio\u00bb, dijo.<\/p>\n<\/p>\n<p>En el segundo bloque se presentaron las experiencias en compras p\u00fablicas de Chile y Rep\u00fablica Dominicana. Por Chile expuso Marcelo Mosquera Zingoni, Jefe de Segmentaci\u00f3n y Fidelizaci\u00f3n de Proveedores de  Chile Compra y por el pa\u00eds, la doctora Yokasta Guzm\u00e1n.<\/p>\n<\/p>\n<p>Mosquera Zingoni, dijo que en su pa\u00eds la Mipymes lideran la venta con el Estado, resaltando que el 90% de las licitaciones son ganadas por empresas del sector Mipymes. \u00abEn chile hay 900 instituciones que son suplidas por unos 100 mil proveedores\u00bb, destac\u00f3.<\/p>\n<\/p>\n<p>De su lado, la doctora Guzm\u00e1n, dijo que en Rep\u00fablica Dominicana se ha avanzado mucho durante el \u00faltimo a\u00f1o, ya que se ha hecho el esfuerzo desde la Presidencia para garantizar que las Mipymes se beneficien de las pol\u00edticas p\u00fablicas dirigidas al desarrollo de ese importante sector.<\/p>\n<\/p>\n<p>\u00abHemos logrado que muchas Mipymes se formalicen, hemos fomentado el principio de m\u00e1xima publicidad de los procesos, estamos capacitando a los proveedores y a las instituciones, ejecutamos un monitoreo activo y trabajamos en coordinaci\u00f3n interinstitucional\u00bb, manifest\u00f3.<\/p>\n<\/p>\n<p>Agreg\u00f3 que desde el Gobierno se est\u00e1n tomando acciones a favor de la Mipymes: \u00abY como dice el presidente, Danilo Medina S\u00e1nchez: Las Mipymes est\u00e1n en el centro de las pol\u00edticas p\u00fablicas de esta Administraci\u00f3n\u00bb.<\/p>\n<\/p>\n<p>Dentro de esas acciones destac\u00f3 la promulgaci\u00f3n de los decretos: 543-12 y 164-13. \u00abLa intenci\u00f3n es hacer que las compras p\u00fablicas sirvan para favorecer el desarrollo de los sectores productivos nacional\u00bb, expres\u00f3.<\/p>\n<\/p>\n<p>Asimismo, valor\u00f3 la creaci\u00f3n de comisiones de veedur\u00edas y los encuentros que viene realizando la instituci\u00f3n que dirige para la conformaci\u00f3n del Observatorio Nacional de Compras P\u00fablicas. \u00abQueremos traer m\u00e1s ojos que vigilen los proceso. Queremos cada d\u00eda, de m\u00e1s en m\u00e1s, elevar los niveles de transparencia en los procesos de compras y contrataciones del Estado\u00bb, expres\u00f3.<\/p>\n<\/p>\n<p>A la apertura del evento asistieron, el Vice ministro del Tesoro, Rafael G\u00f3mez Medina, as\u00ed como, representantes de asociaciones de Mipymes, embajadores, y funcionarios.<\/p>\n<\/p>\n<p>El taller es organizado y financiado por la RICG, a trav\u00e9s de los organismos internacionales que la integran, OEA y BID. La actividad forma parte de las iniciativas destinadas a desarrollar y fomentar espacios de intercambio de experiencias y capacitaci\u00f3n entre los miembros de la RICG.<\/p>\n<\/p>\n<\/p>\n<p>\u00bfQu\u00e9 es la RICG?<\/p>\n<\/p>\n<p>La Red Interamericana de Compras Gubernamentales (RICG), es una iniciativa de los pa\u00edses de las Am\u00e9ricas constituida como un mecanismo de cooperaci\u00f3n t\u00e9cnica regional, integrada por las instituciones gubernamentales, en cabeza de los directores nacionales, que tienen la m\u00e1xima responsabilidad relacionada con la regulaci\u00f3n, gesti\u00f3n y modernizaci\u00f3n de las compras p\u00fablicas en 32 pa\u00edses de Am\u00e9rica Latina y el Caribe, que manejan del 10 al 20% del PIB de sus pa\u00edses.<\/p>\n<h6> 2013-11-19 15:49:06 <\/h6>\n<p><!--\n<link rel=\"stylesheet\" href=\"css\/bootstrap.min.css\">\n\n\n<ul class=\"pagination\">\n\t    \n\t\n\n<li >\n\t<a href='?page_no=14309'>Previous<\/a>\n\t<\/li>\n\n\n       \n    \n\n<li><a href='?page_no=1'>1<\/a><\/li>\n\n\n\n<li><a href='?page_no=2'>2<\/a><\/li>\n\n\n\n<li><a>...<\/a><\/li>\n\n\n\n<li><a href='?page_no=14308'>14308<\/a><\/li>\n\n\n\n<li><a href='?page_no=14309'>14309<\/a><\/li>\n\n\n\n<li class='active'><a>14310<\/a><\/li>\n\n\n\n<li><a href='?page_no=14311'>14311<\/a><\/li>\n\n\n\n<li><a href='?page_no=14312'>14312<\/a><\/li>\n\n\n\n<li><a>...<\/a><\/li>\n\n\n\n<li><a href='?page_no=30472'>30472<\/a><\/li>\n\n\n\n<li><a href='?page_no=30473'>30473<\/a><\/li>\n\n    \n\t\n\n<li >\n\t<a href='?page_no=14311'>Next<\/a>\n\t<\/li>\n\n\n    \n\n<li><a href='?page_no=30473'>Last &rsaquo;&rsaquo;<\/a><\/li>\n\n<\/ul>\n\n\n--><br \/>\n<\/body><\/p>\n","protected":false},"excerpt":{"rendered":"<p>Santo Domingo RD 19 noviembre.- Las representantes en el pa\u00eds de la Organizaci\u00f3n de Estados Americanos (OEA) y del Banco Interamericano de Desarrollo (BID), felicitaron hoy al Gobierno del presidente Danilo Medina por el apoyo que est\u00e1 brindando al sector Mipymes. Araceli Azuara de la OEA y Flora Montealegre Painter del BID, concedieron en destacar [&hellip;]<\/p>\n","protected":false},"author":3,"featured_media":0,"comment_status":"open","ping_status":"open","sticky":false,"template":"","format":"standard","meta":{"footnotes":""},"categories":[18],"tags":[],"class_list":["post-98788","post","type-post","status-publish","format-standard","hentry","category-economia"],"_links":{"self":[{"href":"https:\/\/diariodominicano.com\/index.php?rest_route=\/wp\/v2\/posts\/98788","targetHints":{"allow":["GET"]}}],"collection":[{"href":"https:\/\/diariodominicano.com\/index.php?rest_route=\/wp\/v2\/posts"}],"about":[{"href":"https:\/\/diariodominicano.com\/index.php?rest_route=\/wp\/v2\/types\/post"}],"author":[{"embeddable":true,"href":"https:\/\/diariodominicano.com\/index.php?rest_route=\/wp\/v2\/users\/3"}],"replies":[{"embeddable":true,"href":"https:\/\/diariodominicano.com\/index.php?rest_route=%2Fwp%2Fv2%2Fcomments&post=98788"}],"version-history":[{"count":0,"href":"https:\/\/diariodominicano.com\/index.php?rest_route=\/wp\/v2\/posts\/98788\/revisions"}],"wp:attachment":[{"href":"https:\/\/diariodominicano.com\/index.php?rest_route=%2Fwp%2Fv2%2Fmedia&parent=98788"}],"wp:term":[{"taxonomy":"category","embeddable":true,"href":"https:\/\/diariodominicano.com\/index.php?rest_route=%2Fwp%2Fv2%2Fcategories&post=98788"},{"taxonomy":"post_tag","embeddable":true,"href":"https:\/\/diariodominicano.com\/index.php?rest_route=%2Fwp%2Fv2%2Ftags&post=98788"}],"curies":[{"name":"wp","href":"https:\/\/api.w.org\/{rel}","templated":true}]}}